{"id":37726,"date":"2018-08-04T11:20:42","date_gmt":"2018-08-04T14:20:42","guid":{"rendered":"https:\/\/eldiariodesanpedro.com.ar\/sitio\/?p=37726"},"modified":"2018-08-04T11:20:42","modified_gmt":"2018-08-04T14:20:42","slug":"dos-jovenes-robaron-aberturas-y-fueron-aprehendidos-rapidamente-por-la-policia","status":"publish","type":"post","link":"https:\/\/eldiariodesanpedro.com.ar\/sitio\/dos-jovenes-robaron-aberturas-y-fueron-aprehendidos-rapidamente-por-la-policia\/","title":{"rendered":"Dos jovenes robaron aberturas y fueron aprehendidos rapidamente por la policia"},"content":{"rendered":"<p><!-- VideographyWP Plugin Message: Automatic video embedding prevented by plugin options. --><br \/>\nEn la localidad vecina de Rio Tala, personal policial alertado por vecinos, en calle Veteranos de Malvinas N\u00b050, aprehendi\u00f3 a dos jovenes de 17 y 22 a\u00f1os de edad, quienes instantes antes, sustrajeron de una vivienda sus aberturas.<\/p>\n<p>Los delincuentes fueron trasladados a la seccional Policial y tomo intervenci\u00f3n la UFI del JoVen N\u00b01 San Nicolas quien dispone para con menor entrega a progenitores, previa notificaci\u00f3n de formaci\u00f3n de causa, en cuanto al mayor dispone notificaci\u00f3n por delito en \u00abtentativa de robo y secuestro\u00bb.<\/p>\n","protected":false},"excerpt":{"rendered":"<p>En la localidad vecina de Rio Tala, personal policial alertado por vecinos, en calle Veteranos de Malvinas N\u00b050, aprehendi\u00f3 a dos jovenes de 17 y 22 a\u00f1os de edad, quienes instantes antes, sustrajeron de una vivienda sus aberturas. Los delincuentes fueron trasladados a la seccional Policial y tomo intervenci\u00f3n la UFI del JoVen N\u00b01 San [&hellip;]<\/p>\n","protected":false},"author":4,"featured_media":30195,"comment_status":"open","ping_status":"closed","sticky":false,"template":"","format":"standard","meta":{"om_disable_all_campaigns":false,"_jetpack_memberships_contains_paid_content":false,"footnotes":""},"categories":[2,103],"tags":[],"class_list":["post-37726","post","type-post","status-publish","format-standard","has-post-thumbnail","hentry","category-locales","category-policiales-locales"],"aioseo_notices":[],"gutentor_comment":0,"jetpack_featured_media_url":"https:\/\/eldiariodesanpedro.com.ar\/sitio\/wp-content\/uploads\/2018\/03\/Aprehendido-y-ofuscado.jpg","jetpack_shortlink":"https:\/\/wp.me\/p6RhLt-9Ou","jetpack_sharing_enabled":true,"_links":{"self":[{"href":"https:\/\/eldiariodesanpedro.com.ar\/sitio\/wp-json\/wp\/v2\/posts\/37726","targetHints":{"allow":["GET"]}}],"collection":[{"href":"https:\/\/eldiariodesanpedro.com.ar\/sitio\/wp-json\/wp\/v2\/posts"}],"about":[{"href":"https:\/\/eldiariodesanpedro.com.ar\/sitio\/wp-json\/wp\/v2\/types\/post"}],"author":[{"embeddable":true,"href":"https:\/\/eldiariodesanpedro.com.ar\/sitio\/wp-json\/wp\/v2\/users\/4"}],"replies":[{"embeddable":true,"href":"https:\/\/eldiariodesanpedro.com.ar\/sitio\/wp-json\/wp\/v2\/comments?post=37726"}],"version-history":[{"count":1,"href":"https:\/\/eldiariodesanpedro.com.ar\/sitio\/wp-json\/wp\/v2\/posts\/37726\/revisions"}],"predecessor-version":[{"id":37727,"href":"https:\/\/eldiariodesanpedro.com.ar\/sitio\/wp-json\/wp\/v2\/posts\/37726\/revisions\/37727"}],"wp:featuredmedia":[{"embeddable":true,"href":"https:\/\/eldiariodesanpedro.com.ar\/sitio\/wp-json\/wp\/v2\/media\/30195"}],"wp:attachment":[{"href":"https:\/\/eldiariodesanpedro.com.ar\/sitio\/wp-json\/wp\/v2\/media?parent=37726"}],"wp:term":[{"taxonomy":"category","embeddable":true,"href":"https:\/\/eldiariodesanpedro.com.ar\/sitio\/wp-json\/wp\/v2\/categories?post=37726"},{"taxonomy":"post_tag","embeddable":true,"href":"https:\/\/eldiariodesanpedro.com.ar\/sitio\/wp-json\/wp\/v2\/tags?post=37726"}],"curies":[{"name":"wp","href":"https:\/\/api.w.org\/{rel}","templated":true}]}}