{"id":37723,"date":"2018-08-04T10:49:17","date_gmt":"2018-08-04T13:49:17","guid":{"rendered":"https:\/\/eldiariodesanpedro.com.ar\/sitio\/?p=37723"},"modified":"2018-08-04T10:49:17","modified_gmt":"2018-08-04T13:49:17","slug":"baradero-accidente-detencion-y-disparos","status":"publish","type":"post","link":"https:\/\/eldiariodesanpedro.com.ar\/sitio\/baradero-accidente-detencion-y-disparos\/","title":{"rendered":"BARADERO: Accidente, detenci\u00f3n y \u00bfdisparos?"},"content":{"rendered":"<p><!-- VideographyWP Plugin Message: Automatic video embedding prevented by plugin options. --><br \/>\nAlrededor de las 20HS de este viernes, se produjo un choque en Mart\u00edn de Gainza y Ferm\u00edn Rosell. Aparentemente uno de los veh\u00edculos involucrados era perseguido por la polic\u00eda.<\/p>\n<p>Seg\u00fan testigos en el lugar hab\u00eda una persecuci\u00f3n de un m\u00f3vil policial  a una moto.  Cuando un autom\u00f3vil quiso doblar por Ferm\u00edn Rosell lo colision\u00f3 la moto en su parte trasera.<\/p>\n<p>Posteriormente, comenz\u00f3 una persecuci\u00f3n cuando el conductor de la moto quiso escapar del lugar y fue detenido.  Los vecinos afirman que escucharon dos detonaciones.<\/p>\n<p>Media hora despu\u00e9s, detuvieron a otro hombre que se acerc\u00f3 al lugar. Se tratar\u00eda del segundo  ocupante que circulaba en la motocicleta.<\/p>\n<p>Fuente: Tu Linea Directa<\/p>\n","protected":false},"excerpt":{"rendered":"<p>Alrededor de las 20HS de este viernes, se produjo un choque en Mart\u00edn de Gainza y Ferm\u00edn Rosell. Aparentemente uno de los veh\u00edculos involucrados era perseguido por la polic\u00eda. Seg\u00fan testigos en el lugar hab\u00eda una persecuci\u00f3n de un m\u00f3vil policial a una moto. Cuando un autom\u00f3vil quiso doblar por Ferm\u00edn Rosell lo colision\u00f3 la [&hellip;]<\/p>\n","protected":false},"author":4,"featured_media":37724,"comment_status":"open","ping_status":"closed","sticky":false,"template":"","format":"standard","meta":{"om_disable_all_campaigns":false,"_jetpack_memberships_contains_paid_content":false,"footnotes":""},"categories":[621],"tags":[],"class_list":["post-37723","post","type-post","status-publish","format-standard","has-post-thumbnail","hentry","category-regionales"],"aioseo_notices":[],"gutentor_comment":0,"jetpack_featured_media_url":"https:\/\/eldiariodesanpedro.com.ar\/sitio\/wp-content\/uploads\/2018\/08\/4choque-y-fuga.jpg","jetpack_shortlink":"https:\/\/wp.me\/p6RhLt-9Or","jetpack_sharing_enabled":true,"_links":{"self":[{"href":"https:\/\/eldiariodesanpedro.com.ar\/sitio\/wp-json\/wp\/v2\/posts\/37723","targetHints":{"allow":["GET"]}}],"collection":[{"href":"https:\/\/eldiariodesanpedro.com.ar\/sitio\/wp-json\/wp\/v2\/posts"}],"about":[{"href":"https:\/\/eldiariodesanpedro.com.ar\/sitio\/wp-json\/wp\/v2\/types\/post"}],"author":[{"embeddable":true,"href":"https:\/\/eldiariodesanpedro.com.ar\/sitio\/wp-json\/wp\/v2\/users\/4"}],"replies":[{"embeddable":true,"href":"https:\/\/eldiariodesanpedro.com.ar\/sitio\/wp-json\/wp\/v2\/comments?post=37723"}],"version-history":[{"count":1,"href":"https:\/\/eldiariodesanpedro.com.ar\/sitio\/wp-json\/wp\/v2\/posts\/37723\/revisions"}],"predecessor-version":[{"id":37725,"href":"https:\/\/eldiariodesanpedro.com.ar\/sitio\/wp-json\/wp\/v2\/posts\/37723\/revisions\/37725"}],"wp:featuredmedia":[{"embeddable":true,"href":"https:\/\/eldiariodesanpedro.com.ar\/sitio\/wp-json\/wp\/v2\/media\/37724"}],"wp:attachment":[{"href":"https:\/\/eldiariodesanpedro.com.ar\/sitio\/wp-json\/wp\/v2\/media?parent=37723"}],"wp:term":[{"taxonomy":"category","embeddable":true,"href":"https:\/\/eldiariodesanpedro.com.ar\/sitio\/wp-json\/wp\/v2\/categories?post=37723"},{"taxonomy":"post_tag","embeddable":true,"href":"https:\/\/eldiariodesanpedro.com.ar\/sitio\/wp-json\/wp\/v2\/tags?post=37723"}],"curies":[{"name":"wp","href":"https:\/\/api.w.org\/{rel}","templated":true}]}}