{"id":37719,"date":"2018-08-04T10:42:00","date_gmt":"2018-08-04T13:42:00","guid":{"rendered":"https:\/\/eldiariodesanpedro.com.ar\/sitio\/?p=37719"},"modified":"2018-08-04T10:42:00","modified_gmt":"2018-08-04T13:42:00","slug":"campana-contra-el-narcomenudeo-allanamientos-con-detenidos-en-campana","status":"publish","type":"post","link":"https:\/\/eldiariodesanpedro.com.ar\/sitio\/campana-contra-el-narcomenudeo-allanamientos-con-detenidos-en-campana\/","title":{"rendered":"CAMPANA: Contra el narcomenudeo: allanamientos con detenidos en Campana"},"content":{"rendered":"<p><!-- VideographyWP Plugin Message: Automatic video embedding prevented by plugin options. --><br \/>\nPersonal de Drogas Il\u00edcitas Z\u00e1rate- Campana y en conjunto de efectivos de la  DDI, allanaron varios domicilios de Campana en el marco de una investigaci\u00f3n por venta de drogas.<\/p>\n<p>El operativo ordenado por \u00e9l \u00e1rea de infracci\u00f3n ley 23737, tambi\u00e9n se realiz\u00f3 con la colaboraci\u00f3n de la Jefatura departamental de Z\u00e1rate- Campana y Polic\u00eda local.<\/p>\n<p>En total son cuatro los detenidos, uno de ellos apodado \u201cEl cuervo\u201d, conocido sujeto de la Ciudad.<\/p>\n<p><img decoding=\"async\" data-attachment-id=\"37721\" data-permalink=\"https:\/\/eldiariodesanpedro.com.ar\/sitio\/campana-contra-el-narcomenudeo-allanamientos-con-detenidos-en-campana\/thumbnail_80ff9236-65f3-4f8c-a2ce-4f60b5b3f404\/\" data-orig-file=\"https:\/\/eldiariodesanpedro.com.ar\/sitio\/wp-content\/uploads\/2018\/08\/thumbnail_80ff9236-65f3-4f8c-a2ce-4f60b5b3f404.jpg\" data-orig-size=\"576,1024\" data-comments-opened=\"1\" data-image-meta=\"{&quot;aperture&quot;:&quot;0&quot;,&quot;credit&quot;:&quot;&quot;,&quot;camera&quot;:&quot;&quot;,&quot;caption&quot;:&quot;&quot;,&quot;created_timestamp&quot;:&quot;0&quot;,&quot;copyright&quot;:&quot;&quot;,&quot;focal_length&quot;:&quot;0&quot;,&quot;iso&quot;:&quot;0&quot;,&quot;shutter_speed&quot;:&quot;0&quot;,&quot;title&quot;:&quot;&quot;,&quot;orientation&quot;:&quot;0&quot;}\" data-image-title=\"thumbnail_80ff9236-65f3-4f8c-a2ce-4f60b5b3f404\" data-image-description=\"\" data-image-caption=\"\" data-large-file=\"https:\/\/eldiariodesanpedro.com.ar\/sitio\/wp-content\/uploads\/2018\/08\/thumbnail_80ff9236-65f3-4f8c-a2ce-4f60b5b3f404-576x1024.jpg\" data-src=\"https:\/\/eldiariodesanpedro.com.ar\/sitio\/wp-content\/uploads\/2018\/08\/thumbnail_80ff9236-65f3-4f8c-a2ce-4f60b5b3f404-576x1024.jpg\" alt=\"\" width=\"576\" height=\"1024\" class=\"alignnone size-large wp-image-37721 lazyload\" data-srcset=\"https:\/\/eldiariodesanpedro.com.ar\/sitio\/wp-content\/uploads\/2018\/08\/thumbnail_80ff9236-65f3-4f8c-a2ce-4f60b5b3f404.jpg 576w, https:\/\/eldiariodesanpedro.com.ar\/sitio\/wp-content\/uploads\/2018\/08\/thumbnail_80ff9236-65f3-4f8c-a2ce-4f60b5b3f404-169x300.jpg 169w\" data-sizes=\"(max-width: 576px) 100vw, 576px\" src=\"data:image\/svg+xml;base64,PHN2ZyB3aWR0aD0iMSIgaGVpZ2h0PSIxIiB4bWxucz0iaHR0cDovL3d3dy53My5vcmcvMjAwMC9zdmciPjwvc3ZnPg==\" style=\"--smush-placeholder-width: 576px; --smush-placeholder-aspect-ratio: 576\/1024;\" \/><\/p>\n<p>Tambi\u00e9n se aprehendieron compradores  con droga en su poder y se secuestr\u00f3 marihuana ya fraccionada fraccionada para su venta y dinero en efectivo, un arma de fuego de fabricaci\u00f3n casera , varios celulares y gran cantidad de recortes de nylon.<\/p>\n<p>Fuente: Enlace Critico<\/p>\n","protected":false},"excerpt":{"rendered":"<p>Personal de Drogas Il\u00edcitas Z\u00e1rate- Campana y en conjunto de efectivos de la DDI, allanaron varios domicilios de Campana en el marco de una investigaci\u00f3n por venta de drogas. El operativo ordenado por \u00e9l \u00e1rea de infracci\u00f3n ley 23737, tambi\u00e9n se realiz\u00f3 con la colaboraci\u00f3n de la Jefatura departamental de Z\u00e1rate- Campana y Polic\u00eda local. [&hellip;]<\/p>\n","protected":false},"author":4,"featured_media":37720,"comment_status":"open","ping_status":"closed","sticky":false,"template":"","format":"standard","meta":{"om_disable_all_campaigns":false,"_jetpack_memberships_contains_paid_content":false,"footnotes":""},"categories":[621],"tags":[],"class_list":["post-37719","post","type-post","status-publish","format-standard","has-post-thumbnail","hentry","category-regionales"],"aioseo_notices":[],"gutentor_comment":0,"jetpack_featured_media_url":"https:\/\/eldiariodesanpedro.com.ar\/sitio\/wp-content\/uploads\/2018\/08\/thumbnail_a86a63af-08ed-446d-99d4-0a7faf46c97b-800x445_658x400.jpg","jetpack_shortlink":"https:\/\/wp.me\/p6RhLt-9On","jetpack_sharing_enabled":true,"_links":{"self":[{"href":"https:\/\/eldiariodesanpedro.com.ar\/sitio\/wp-json\/wp\/v2\/posts\/37719","targetHints":{"allow":["GET"]}}],"collection":[{"href":"https:\/\/eldiariodesanpedro.com.ar\/sitio\/wp-json\/wp\/v2\/posts"}],"about":[{"href":"https:\/\/eldiariodesanpedro.com.ar\/sitio\/wp-json\/wp\/v2\/types\/post"}],"author":[{"embeddable":true,"href":"https:\/\/eldiariodesanpedro.com.ar\/sitio\/wp-json\/wp\/v2\/users\/4"}],"replies":[{"embeddable":true,"href":"https:\/\/eldiariodesanpedro.com.ar\/sitio\/wp-json\/wp\/v2\/comments?post=37719"}],"version-history":[{"count":1,"href":"https:\/\/eldiariodesanpedro.com.ar\/sitio\/wp-json\/wp\/v2\/posts\/37719\/revisions"}],"predecessor-version":[{"id":37722,"href":"https:\/\/eldiariodesanpedro.com.ar\/sitio\/wp-json\/wp\/v2\/posts\/37719\/revisions\/37722"}],"wp:featuredmedia":[{"embeddable":true,"href":"https:\/\/eldiariodesanpedro.com.ar\/sitio\/wp-json\/wp\/v2\/media\/37720"}],"wp:attachment":[{"href":"https:\/\/eldiariodesanpedro.com.ar\/sitio\/wp-json\/wp\/v2\/media?parent=37719"}],"wp:term":[{"taxonomy":"category","embeddable":true,"href":"https:\/\/eldiariodesanpedro.com.ar\/sitio\/wp-json\/wp\/v2\/categories?post=37719"},{"taxonomy":"post_tag","embeddable":true,"href":"https:\/\/eldiariodesanpedro.com.ar\/sitio\/wp-json\/wp\/v2\/tags?post=37719"}],"curies":[{"name":"wp","href":"https:\/\/api.w.org\/{rel}","templated":true}]}}