{"id":37714,"date":"2018-08-04T10:20:08","date_gmt":"2018-08-04T13:20:08","guid":{"rendered":"https:\/\/eldiariodesanpedro.com.ar\/sitio\/?p=37714"},"modified":"2018-08-04T10:20:08","modified_gmt":"2018-08-04T13:20:08","slug":"zarate-despues-de-la-tragedia-de-moreno-cual-es-el-estado-de-las-escuelas-en-zarate-es-igual-a-las-de-todas-las-de-la-provincia-hay-establecimientos-que-estan-al-limite-como-sucedio","status":"publish","type":"post","link":"https:\/\/eldiariodesanpedro.com.ar\/sitio\/zarate-despues-de-la-tragedia-de-moreno-cual-es-el-estado-de-las-escuelas-en-zarate-es-igual-a-las-de-todas-las-de-la-provincia-hay-establecimientos-que-estan-al-limite-como-sucedio\/","title":{"rendered":"Zarate: Despu\u00e9s de la tragedia de Moreno \u00bfcu\u00e1l es el estado de las Escuelas en Z\u00e1rate?: \u201ces igual a las de todas las de la Provincia, hay establecimientos que est\u00e1n al l\u00edmite como sucedi\u00f3 con el ex colegio Industrial\u201d"},"content":{"rendered":"<p><!-- VideographyWP Plugin Message: Automatic video embedding prevented by plugin options. --><br \/>\nEste viernes fue muy triste y de consternaci\u00f3n despu\u00e9s de la tremenda tragedia sucedida en la Escuela Primaria N\u00b049 de Moreno, que cost\u00f3 la vida de Sandra, \u201cla vice que trabajaba hasta los s\u00e1bados\u201d y Rub\u00e9n, el portero que adem\u00e1s era profesor de carpinter\u00eda. Este viernes, los docentes del todo el Pa\u00eds decidieron parar para reclamar por el estado de los establecimientos educativos que sin dudas, pueden llevar a la muerte\u2026<\/p>\n<p>\u201cLa adhesi\u00f3n al paro en toda la Provincia fue total, es muy duro lo que pas\u00f3, es un dolor muy grande\u201d, se\u00f1alaba Cristian Poli, Secretario General SUTEBA  a nuestra colega Yamila Orozco, Cablevisi\u00f3n Noticias.<\/p>\n<p>Hoy volvimos a entregar un informe del estado de los establecimientos, algo que ya hab\u00edamos realizado hace dos meses en el Concejo Deliberante\u201d, afirmaba y a\u00f1ad\u00eda que fueron entregados en la Jefatura Distrital y el Consejo Escolar.<\/p>\n<p>El Jefe Distrital solo nos recibi\u00f3 la nota y no emiti\u00f3 ninguna opini\u00f3n cuando se le pregunt\u00f3 sobre que pensaba de la pol\u00edtica educativa que se est\u00e1 desarrollando en la Provincia\u201d, dijo.<\/p>\n<p>Consultado sobre el estado de las instituciones zarate\u00f1as, fue rotundo, \u201chay escuelas que est\u00e1n al l\u00edmite del riesgo completo como sucedi\u00f3 con el ex Colegio Industrial , que tuvo peligro el\u00e9ctrico u otras donde los alumnos pasan fr\u00edo o donde la distribuci\u00f3n no es equitativa en los comedores\u201d.<\/p>\n<p>La intenci\u00f3n de este gobierno es tapar las cosas hasta que exploten y el triste y lamentable ejemplo fue lo que pas\u00f3 en Moreno\u201d, remarc\u00f3 y cerr\u00f3, \u201ccuando se le elev\u00f3 a la Gobernadora un informe de 110 p\u00e1ginas de la situaci\u00f3n en la Provincia, lo recibi\u00f3 un empleado a trav\u00e9s de una reja y evidentemente nunca se ley\u00f3 de otra manera hoy no estar\u00edamos llorando la p\u00e9rdida de dos compa\u00f1eros\u201d.<\/p>\n<p>Fuente: Enlace Critico<\/p>\n","protected":false},"excerpt":{"rendered":"<p>Este viernes fue muy triste y de consternaci\u00f3n despu\u00e9s de la tremenda tragedia sucedida en la Escuela Primaria N\u00b049 de Moreno, que cost\u00f3 la vida de Sandra, \u201cla vice que trabajaba hasta los s\u00e1bados\u201d y Rub\u00e9n, el portero que adem\u00e1s era profesor de carpinter\u00eda. Este viernes, los docentes del todo el Pa\u00eds decidieron parar para [&hellip;]<\/p>\n","protected":false},"author":4,"featured_media":37716,"comment_status":"open","ping_status":"closed","sticky":false,"template":"","format":"standard","meta":{"om_disable_all_campaigns":false,"_jetpack_memberships_contains_paid_content":false,"footnotes":""},"categories":[621],"tags":[],"class_list":["post-37714","post","type-post","status-publish","format-standard","has-post-thumbnail","hentry","category-regionales"],"aioseo_notices":[],"gutentor_comment":0,"jetpack_featured_media_url":"https:\/\/eldiariodesanpedro.com.ar\/sitio\/wp-content\/uploads\/2018\/08\/38404543_2119837755003323_4775541520440754176_n_658x400.jpg","jetpack_shortlink":"https:\/\/wp.me\/p6RhLt-9Oi","jetpack_sharing_enabled":true,"_links":{"self":[{"href":"https:\/\/eldiariodesanpedro.com.ar\/sitio\/wp-json\/wp\/v2\/posts\/37714","targetHints":{"allow":["GET"]}}],"collection":[{"href":"https:\/\/eldiariodesanpedro.com.ar\/sitio\/wp-json\/wp\/v2\/posts"}],"about":[{"href":"https:\/\/eldiariodesanpedro.com.ar\/sitio\/wp-json\/wp\/v2\/types\/post"}],"author":[{"embeddable":true,"href":"https:\/\/eldiariodesanpedro.com.ar\/sitio\/wp-json\/wp\/v2\/users\/4"}],"replies":[{"embeddable":true,"href":"https:\/\/eldiariodesanpedro.com.ar\/sitio\/wp-json\/wp\/v2\/comments?post=37714"}],"version-history":[{"count":1,"href":"https:\/\/eldiariodesanpedro.com.ar\/sitio\/wp-json\/wp\/v2\/posts\/37714\/revisions"}],"predecessor-version":[{"id":37718,"href":"https:\/\/eldiariodesanpedro.com.ar\/sitio\/wp-json\/wp\/v2\/posts\/37714\/revisions\/37718"}],"wp:featuredmedia":[{"embeddable":true,"href":"https:\/\/eldiariodesanpedro.com.ar\/sitio\/wp-json\/wp\/v2\/media\/37716"}],"wp:attachment":[{"href":"https:\/\/eldiariodesanpedro.com.ar\/sitio\/wp-json\/wp\/v2\/media?parent=37714"}],"wp:term":[{"taxonomy":"category","embeddable":true,"href":"https:\/\/eldiariodesanpedro.com.ar\/sitio\/wp-json\/wp\/v2\/categories?post=37714"},{"taxonomy":"post_tag","embeddable":true,"href":"https:\/\/eldiariodesanpedro.com.ar\/sitio\/wp-json\/wp\/v2\/tags?post=37714"}],"curies":[{"name":"wp","href":"https:\/\/api.w.org\/{rel}","templated":true}]}}