{"id":37710,"date":"2018-08-04T09:48:31","date_gmt":"2018-08-04T12:48:31","guid":{"rendered":"https:\/\/eldiariodesanpedro.com.ar\/sitio\/?p=37710"},"modified":"2018-08-04T09:48:31","modified_gmt":"2018-08-04T12:48:31","slug":"se-aprehendieron-a-tres-personas-en-marco-de-operativos-por-pedido-de-paradero-activo","status":"publish","type":"post","link":"https:\/\/eldiariodesanpedro.com.ar\/sitio\/se-aprehendieron-a-tres-personas-en-marco-de-operativos-por-pedido-de-paradero-activo\/","title":{"rendered":"Se aprehendieron a tres personas en marco de Operativos por pedido de paradero activo"},"content":{"rendered":"<p><!-- VideographyWP Plugin Message: Automatic video embedding prevented by plugin options. --><br \/>\nEste viernes por la tarde, personal policial en marco de operativos en distintos puntos de la ciudad, se pudo registrar a tres personas que resultaron tener pedido de paradero activo y fueron aprehendidas y alojadas en la Dependencia Local.<\/p>\n<p>Una de ellas fue en calle 11 de Setiembre y Fray Cayetano Rodriguez, donde se  aprehendi\u00f3 a un menor de 17 a\u00f1os de edad, quien registra pedido de paradero activo de fecha 14 de Febrero de 2018, solicitado por el Fuero de responsabilidad Penal Juvenil San Isidro. Magistrado en intervenci\u00f3n dispone comparendo su presentaci\u00f3n en sede Judicial y la entrega a sus progenitores.<\/p>\n<p>Luego en cercan\u00edas donde se encontraban, en intersecci\u00f3n de calle 11 de Setiembre y Bv. Moreno se aprehendi\u00f3 a una mujer de 55, quien registra pedido de paradero activo de fecha 11 de Noviembre del a\u00f1o 2010, por el delito de usurpaci\u00f3n a la propiedad.<\/p>\n<p>Y por \u00faltimo, en calle Nieto de Torres y 25 de Mayo, donde se identific\u00f3 a un joven de 24 a\u00f1os de edad, quien se movilizaba a bordo de una motocicleta marca Suzuki Ax 100 de color negra, quien transmitidas circunstancias personales y del rodado, este registra pedido de secuestro activo con fecha del 26 de Junio del 2018, solicitado por UFI N\u00b0 5 de nuestra ciudad; se trasladado la moto a la  seccional Policial.<\/p>\n<p>PEDIDO DE PARADERO ACTIVO:<\/p>\n<p>Ayer personal de esta <\/p>\n","protected":false},"excerpt":{"rendered":"<p>Este viernes por la tarde, personal policial en marco de operativos en distintos puntos de la ciudad, se pudo registrar a tres personas que resultaron tener pedido de paradero activo y fueron aprehendidas y alojadas en la Dependencia Local. Una de ellas fue en calle 11 de Setiembre y Fray Cayetano Rodriguez, donde se aprehendi\u00f3 [&hellip;]<\/p>\n","protected":false},"author":4,"featured_media":13370,"comment_status":"open","ping_status":"closed","sticky":false,"template":"","format":"standard","meta":{"om_disable_all_campaigns":false,"_jetpack_memberships_contains_paid_content":false,"footnotes":""},"categories":[2,103],"tags":[],"class_list":["post-37710","post","type-post","status-publish","format-standard","has-post-thumbnail","hentry","category-locales","category-policiales-locales"],"aioseo_notices":[],"gutentor_comment":0,"jetpack_featured_media_url":"https:\/\/eldiariodesanpedro.com.ar\/sitio\/wp-content\/uploads\/2017\/01\/Patrulla-2-e1485286083962.jpg","jetpack_shortlink":"https:\/\/wp.me\/p6RhLt-9Oe","jetpack_sharing_enabled":true,"_links":{"self":[{"href":"https:\/\/eldiariodesanpedro.com.ar\/sitio\/wp-json\/wp\/v2\/posts\/37710","targetHints":{"allow":["GET"]}}],"collection":[{"href":"https:\/\/eldiariodesanpedro.com.ar\/sitio\/wp-json\/wp\/v2\/posts"}],"about":[{"href":"https:\/\/eldiariodesanpedro.com.ar\/sitio\/wp-json\/wp\/v2\/types\/post"}],"author":[{"embeddable":true,"href":"https:\/\/eldiariodesanpedro.com.ar\/sitio\/wp-json\/wp\/v2\/users\/4"}],"replies":[{"embeddable":true,"href":"https:\/\/eldiariodesanpedro.com.ar\/sitio\/wp-json\/wp\/v2\/comments?post=37710"}],"version-history":[{"count":1,"href":"https:\/\/eldiariodesanpedro.com.ar\/sitio\/wp-json\/wp\/v2\/posts\/37710\/revisions"}],"predecessor-version":[{"id":37711,"href":"https:\/\/eldiariodesanpedro.com.ar\/sitio\/wp-json\/wp\/v2\/posts\/37710\/revisions\/37711"}],"wp:featuredmedia":[{"embeddable":true,"href":"https:\/\/eldiariodesanpedro.com.ar\/sitio\/wp-json\/wp\/v2\/media\/13370"}],"wp:attachment":[{"href":"https:\/\/eldiariodesanpedro.com.ar\/sitio\/wp-json\/wp\/v2\/media?parent=37710"}],"wp:term":[{"taxonomy":"category","embeddable":true,"href":"https:\/\/eldiariodesanpedro.com.ar\/sitio\/wp-json\/wp\/v2\/categories?post=37710"},{"taxonomy":"post_tag","embeddable":true,"href":"https:\/\/eldiariodesanpedro.com.ar\/sitio\/wp-json\/wp\/v2\/tags?post=37710"}],"curies":[{"name":"wp","href":"https:\/\/api.w.org\/{rel}","templated":true}]}}