{"id":37707,"date":"2018-08-04T09:24:42","date_gmt":"2018-08-04T12:24:42","guid":{"rendered":"https:\/\/eldiariodesanpedro.com.ar\/sitio\/?p=37707"},"modified":"2018-08-04T09:24:42","modified_gmt":"2018-08-04T12:24:42","slug":"dejo-su-moto-afuera-de-el-super-y-se-la-robaron","status":"publish","type":"post","link":"https:\/\/eldiariodesanpedro.com.ar\/sitio\/dejo-su-moto-afuera-de-el-super-y-se-la-robaron\/","title":{"rendered":"Dej\u00f3 su moto afuera de el Super y se la robaron"},"content":{"rendered":"<p><!-- VideographyWP Plugin Message: Automatic video embedding prevented by plugin options. --><br \/>\nUna ciudadana de 44 a\u00f1os de edad, denunci\u00f3 en la Dependencia Local, que momentos en que se acercara hasta supermercado de calle R\u00f3mulo Na\u00f3n y San Mart\u00edn, deja su motocicleta de marca Zanella 50 cc estacionada afuera, al salir constata que delincuentes le sustrajeron el rodado forzando la traba de seguridad.<\/p>\n","protected":false},"excerpt":{"rendered":"<p>Una ciudadana de 44 a\u00f1os de edad, denunci\u00f3 en la Dependencia Local, que momentos en que se acercara hasta supermercado de calle R\u00f3mulo Na\u00f3n y San Mart\u00edn, deja su motocicleta de marca Zanella 50 cc estacionada afuera, al salir constata que delincuentes le sustrajeron el rodado forzando la traba de seguridad.<\/p>\n","protected":false},"author":4,"featured_media":37708,"comment_status":"open","ping_status":"closed","sticky":false,"template":"","format":"standard","meta":{"om_disable_all_campaigns":false,"_jetpack_memberships_contains_paid_content":false,"footnotes":""},"categories":[2,103],"tags":[],"class_list":["post-37707","post","type-post","status-publish","format-standard","has-post-thumbnail","hentry","category-locales","category-policiales-locales"],"aioseo_notices":[],"gutentor_comment":0,"jetpack_featured_media_url":"https:\/\/eldiariodesanpedro.com.ar\/sitio\/wp-content\/uploads\/2018\/08\/WhatsApp-Image-2018-08-04-at-09.22.42.jpeg","jetpack_shortlink":"https:\/\/wp.me\/p6RhLt-9Ob","jetpack_sharing_enabled":true,"_links":{"self":[{"href":"https:\/\/eldiariodesanpedro.com.ar\/sitio\/wp-json\/wp\/v2\/posts\/37707","targetHints":{"allow":["GET"]}}],"collection":[{"href":"https:\/\/eldiariodesanpedro.com.ar\/sitio\/wp-json\/wp\/v2\/posts"}],"about":[{"href":"https:\/\/eldiariodesanpedro.com.ar\/sitio\/wp-json\/wp\/v2\/types\/post"}],"author":[{"embeddable":true,"href":"https:\/\/eldiariodesanpedro.com.ar\/sitio\/wp-json\/wp\/v2\/users\/4"}],"replies":[{"embeddable":true,"href":"https:\/\/eldiariodesanpedro.com.ar\/sitio\/wp-json\/wp\/v2\/comments?post=37707"}],"version-history":[{"count":1,"href":"https:\/\/eldiariodesanpedro.com.ar\/sitio\/wp-json\/wp\/v2\/posts\/37707\/revisions"}],"predecessor-version":[{"id":37709,"href":"https:\/\/eldiariodesanpedro.com.ar\/sitio\/wp-json\/wp\/v2\/posts\/37707\/revisions\/37709"}],"wp:featuredmedia":[{"embeddable":true,"href":"https:\/\/eldiariodesanpedro.com.ar\/sitio\/wp-json\/wp\/v2\/media\/37708"}],"wp:attachment":[{"href":"https:\/\/eldiariodesanpedro.com.ar\/sitio\/wp-json\/wp\/v2\/media?parent=37707"}],"wp:term":[{"taxonomy":"category","embeddable":true,"href":"https:\/\/eldiariodesanpedro.com.ar\/sitio\/wp-json\/wp\/v2\/categories?post=37707"},{"taxonomy":"post_tag","embeddable":true,"href":"https:\/\/eldiariodesanpedro.com.ar\/sitio\/wp-json\/wp\/v2\/tags?post=37707"}],"curies":[{"name":"wp","href":"https:\/\/api.w.org\/{rel}","templated":true}]}}