{"id":37702,"date":"2018-08-03T20:41:51","date_gmt":"2018-08-03T23:41:51","guid":{"rendered":"https:\/\/eldiariodesanpedro.com.ar\/sitio\/?p=37702"},"modified":"2026-01-24T00:11:19","modified_gmt":"2026-01-24T03:11:19","slug":"automovilismo-fedenor-en-el-costanero-de-arrecifes","status":"publish","type":"post","link":"https:\/\/eldiariodesanpedro.com.ar\/sitio\/automovilismo-fedenor-en-el-costanero-de-arrecifes\/","title":{"rendered":"AUTOMOVILISMO: Fedenor en el \u201cCostanero\u201d de Arrecifes"},"content":{"rendered":"<p><!-- VideographyWP Plugin Message: Automatic video embedding prevented by plugin options. --><br \/>\n  El Arrecifes Autom\u00f3vil Club, entregar\u00e1 este domingo antes de las finales un reconocimiento a la familia Iglesias, quienes no s\u00f3lo nutre de pilotos a las categor\u00edas de Fedenor, tambi\u00e9n de preparadores. Merecido reconocimiento del automovilismo.<\/p>\n<p>  FedeNor dio a conocer, adem\u00e1s, el calendario que resta para culminar el a\u00f1o<\/p>\n<p>Fecha-Circuito (puede ser alterado por condiciones clim\u00e1ticas adversas)<br \/>\n26\/08- Baradero<br \/>\n16\/09- Col\u00f3n<br \/>\n07\/10- Arrecifes<br \/>\n28\/10- Baradero<br \/>\n18\/11- Col\u00f3n (Premio Coronaci\u00f3n) <\/p>\n<p>El piloto local Junior Solmi va a La Plata con la condici\u00f3n de sumar puntos<\/p>\n<p>  Junior Solmi estar\u00e1 el 12 de agosto en La Plata cuando se dispute la d\u00e9cima fecha del TC Pista Mouras. Solmi para poder estar dentro de los clasificados a la \u201cCopa de Plata\u201d (son 12 pilotos) tendr\u00e1 que sumar, hoy es 15\u00b0 en el campeonato con 167 puntos, teniendo a Debonis (12\u00b0) con 189.<\/p>\n","protected":false},"excerpt":{"rendered":"<p>El Arrecifes Autom\u00f3vil Club, entregar\u00e1 este domingo antes de las finales un reconocimiento a la familia Iglesias, quienes no s\u00f3lo nutre de pilotos a las categor\u00edas de Fedenor, tambi\u00e9n de preparadores. Merecido reconocimiento del automovilismo. FedeNor dio a conocer, adem\u00e1s, el calendario que resta para culminar el a\u00f1o Fecha-Circuito (puede ser alterado por condiciones clim\u00e1ticas [&hellip;]<\/p>\n","protected":false},"author":4,"featured_media":37704,"comment_status":"open","ping_status":"closed","sticky":false,"template":"","format":"standard","meta":{"om_disable_all_campaigns":false,"_jetpack_memberships_contains_paid_content":false,"footnotes":""},"categories":[5],"tags":[],"class_list":["post-37702","post","type-post","status-publish","format-standard","has-post-thumbnail","hentry","category-deportes"],"aioseo_notices":[],"gutentor_comment":0,"jetpack_featured_media_url":"https:\/\/eldiariodesanpedro.com.ar\/sitio\/wp-content\/uploads\/2018\/08\/familia-iglesias.jpg","jetpack_shortlink":"https:\/\/wp.me\/p6RhLt-9O6","jetpack_sharing_enabled":true,"_links":{"self":[{"href":"https:\/\/eldiariodesanpedro.com.ar\/sitio\/wp-json\/wp\/v2\/posts\/37702","targetHints":{"allow":["GET"]}}],"collection":[{"href":"https:\/\/eldiariodesanpedro.com.ar\/sitio\/wp-json\/wp\/v2\/posts"}],"about":[{"href":"https:\/\/eldiariodesanpedro.com.ar\/sitio\/wp-json\/wp\/v2\/types\/post"}],"author":[{"embeddable":true,"href":"https:\/\/eldiariodesanpedro.com.ar\/sitio\/wp-json\/wp\/v2\/users\/4"}],"replies":[{"embeddable":true,"href":"https:\/\/eldiariodesanpedro.com.ar\/sitio\/wp-json\/wp\/v2\/comments?post=37702"}],"version-history":[{"count":1,"href":"https:\/\/eldiariodesanpedro.com.ar\/sitio\/wp-json\/wp\/v2\/posts\/37702\/revisions"}],"predecessor-version":[{"id":37705,"href":"https:\/\/eldiariodesanpedro.com.ar\/sitio\/wp-json\/wp\/v2\/posts\/37702\/revisions\/37705"}],"wp:featuredmedia":[{"embeddable":true,"href":"https:\/\/eldiariodesanpedro.com.ar\/sitio\/wp-json\/wp\/v2\/media\/37704"}],"wp:attachment":[{"href":"https:\/\/eldiariodesanpedro.com.ar\/sitio\/wp-json\/wp\/v2\/media?parent=37702"}],"wp:term":[{"taxonomy":"category","embeddable":true,"href":"https:\/\/eldiariodesanpedro.com.ar\/sitio\/wp-json\/wp\/v2\/categories?post=37702"},{"taxonomy":"post_tag","embeddable":true,"href":"https:\/\/eldiariodesanpedro.com.ar\/sitio\/wp-json\/wp\/v2\/tags?post=37702"}],"curies":[{"name":"wp","href":"https:\/\/api.w.org\/{rel}","templated":true}]}}