{"id":37699,"date":"2018-08-03T20:39:18","date_gmt":"2018-08-03T23:39:18","guid":{"rendered":"https:\/\/eldiariodesanpedro.com.ar\/sitio\/?p=37699"},"modified":"2026-01-24T00:11:19","modified_gmt":"2026-01-24T03:11:19","slug":"futbol-local-da-inicio-hoy-el-torneo-clausura-con-mitre-independencia-en-el-estadio-municipal","status":"publish","type":"post","link":"https:\/\/eldiariodesanpedro.com.ar\/sitio\/futbol-local-da-inicio-hoy-el-torneo-clausura-con-mitre-independencia-en-el-estadio-municipal\/","title":{"rendered":"F\u00daTBOL LOCAL: Da inicio hoy el Torneo Clausura con Mitre-independencia en el Estadio Municipal"},"content":{"rendered":"<p><!-- VideographyWP Plugin Message: Automatic video embedding prevented by plugin options. --><br \/>\n  El torneo Clausura se denominar\u00e1 \u201cBeto Manresa-Rubito L\u00f3pez\u201d<br \/>\n  Comienza el pr\u00f3ximo fin de semana el segundo Torneo del a\u00f1o de la Liga Sampedrina y en reconocimiento a la trayectoria futbol\u00edstica de quienes desaparecieron f\u00edsicamente hace muy poco tiempo, los dirigentes determinaron que el torneo Clausura lleve el nombre de ambos.<\/p>\n<p>  Como futbolistas, Alberto \u201cBeto\u201d Manresa se desempe\u00f1\u00f3 en toda su carrera en Independencia FC, ocupando el puesto del arco. Adem\u00e1s, visti\u00f3 la camiseta de la Selecci\u00f3n Sampedrina, con la que jug\u00f3 a fines de los setenta y principio de los ochenta distintos torneos Hnos. Brown y Copa Beccar Varela.  <\/p>\n<p>Rub\u00e9n \u201cRubito\u201dL\u00f3pez tambi\u00e9n lo hizo en Independencia y en el selectivo local, recio defensor, respetado por todos, se gan\u00f3 un lugar en el coraz\u00f3n de los hinchas.<\/p>\n<p>   Ambos fallecieron recientemente y es el homenaje que el f\u00fatbol les brinda con el nombre al segundo certamen del a\u00f1o.  <\/p>\n<p>  Tambi\u00e9n el certamen de la categor\u00eda 2006 tiene nombre, ser\u00e1 \u201cF\u00e9lix Gim\u00e9nez\u201d, dirigente de Rivadavia que en vida se desempe\u00f1ar\u00e1 esta temporada como delegado ante la Liga Sampedrina. El Torneo de sexta divisi\u00f3n dar\u00e1 inicio en Octubre y se jugar\u00e1 nocturno en fixture a determinar. Lo que est\u00e1 aprobado es que ser\u00e1 en zonas. <\/p>\n<p><strong>Partidos y horarios<\/strong><br \/>\n  Por sorteo entre los que deben ser locales en la primera fecha un partido de primera divisi\u00f3n debe jugarse el s\u00e1bado (por disposici\u00f3n policial al no contar con cantidad suficiente para cubrir los cuatro partidos que se juegan en la cabecera del partido de San Pedro) y entre Paran\u00e1, Mitre, CADU y La Esperanza sali\u00f3 que el cotejo Mitre-Independencia se disputa el s\u00e1bado en el \u00abColoso\u00bb, el resto de la fecha va el domingo.  <\/p>\n<p>  Mitre solicit\u00f3 a Independencia jugar la tira completa de partidos, lo que no accedi\u00f3 el visitante, por lo que se cumple con lo reglamentado a principio de a\u00f1o (s\u00f3lo para partidos a jugarse el d\u00eda s\u00e1bado), se desdobla la jornada. El 4 de agosto con Sub 21 y Primera y el domingo con Quinta, Cuarta y Tercera divisi\u00f3n. La fecha completa se juega as\u00ed:<\/p>\n<p><strong>Domingo 5 de agosto<\/strong><br \/>\n10.30 (5ta), 11.45 (4ta), 13.00 (3ra), 14.30 (sub 21) y 16.15 (1ra)<\/p>\n<p><strong>Interzonal<\/strong><br \/>\nAgricultores vs. Las Palmeras<\/p>\n<p><strong>Zona \u00abA\u00bb<\/strong><br \/>\nC. C\u00f3rdoba vs. Banfield<br \/>\nParan\u00e1 FC vs. Am\u00e9rica<br \/>\nLa Esperanza vs. Fundici\u00f3n FC<br \/>\nSportivo vs. Ireneo Portela<\/p>\n<p><strong>Zona \u00abB\u00bb<\/strong><br \/>\nMitre vs. Independencia FC (s\u00e1bado 4 de agosto Sub 21 a las 14 horas y Primera a las 15.45 horas, domingo 5 de agosto con quinta a las 13 horas, cuarta 14.30 y tercera 16 horas)<\/p>\n<p><strong>Domingo 5 de agosto<\/strong><br \/>\n10.30 (5ta), 11.45 (4ta), 13.00 (3ra), 14.30 (Sub 21) y 16.15 (1ra)<br \/>\nG. San Mart\u00edn vs. San Roque FC<br \/>\nDef. Unidos vs. Rivadavia<br \/>\n<strong>Domingo 5 de agosto<\/strong><br \/>\n11.30 (5ta), 12.45 (4ta), 14.00 (3ra), 15.30 (Sub 21) y 17.15 (1ra)<br \/>\nAtl\u00e9tico vs. Dep. Alsina<\/p>\n","protected":false},"excerpt":{"rendered":"<p>El torneo Clausura se denominar\u00e1 \u201cBeto Manresa-Rubito L\u00f3pez\u201d Comienza el pr\u00f3ximo fin de semana el segundo Torneo del a\u00f1o de la Liga Sampedrina y en reconocimiento a la trayectoria futbol\u00edstica de quienes desaparecieron f\u00edsicamente hace muy poco tiempo, los dirigentes determinaron que el torneo Clausura lleve el nombre de ambos. Como futbolistas, Alberto \u201cBeto\u201d Manresa [&hellip;]<\/p>\n","protected":false},"author":4,"featured_media":12943,"comment_status":"open","ping_status":"closed","sticky":false,"template":"","format":"standard","meta":{"om_disable_all_campaigns":false,"_jetpack_memberships_contains_paid_content":false,"footnotes":""},"categories":[5],"tags":[],"class_list":["post-37699","post","type-post","status-publish","format-standard","has-post-thumbnail","hentry","category-deportes"],"aioseo_notices":[],"gutentor_comment":0,"jetpack_featured_media_url":"https:\/\/eldiariodesanpedro.com.ar\/sitio\/wp-content\/uploads\/2017\/01\/futbol.jpg","jetpack_shortlink":"https:\/\/wp.me\/p6RhLt-9O3","jetpack_sharing_enabled":true,"_links":{"self":[{"href":"https:\/\/eldiariodesanpedro.com.ar\/sitio\/wp-json\/wp\/v2\/posts\/37699","targetHints":{"allow":["GET"]}}],"collection":[{"href":"https:\/\/eldiariodesanpedro.com.ar\/sitio\/wp-json\/wp\/v2\/posts"}],"about":[{"href":"https:\/\/eldiariodesanpedro.com.ar\/sitio\/wp-json\/wp\/v2\/types\/post"}],"author":[{"embeddable":true,"href":"https:\/\/eldiariodesanpedro.com.ar\/sitio\/wp-json\/wp\/v2\/users\/4"}],"replies":[{"embeddable":true,"href":"https:\/\/eldiariodesanpedro.com.ar\/sitio\/wp-json\/wp\/v2\/comments?post=37699"}],"version-history":[{"count":1,"href":"https:\/\/eldiariodesanpedro.com.ar\/sitio\/wp-json\/wp\/v2\/posts\/37699\/revisions"}],"predecessor-version":[{"id":37703,"href":"https:\/\/eldiariodesanpedro.com.ar\/sitio\/wp-json\/wp\/v2\/posts\/37699\/revisions\/37703"}],"wp:featuredmedia":[{"embeddable":true,"href":"https:\/\/eldiariodesanpedro.com.ar\/sitio\/wp-json\/wp\/v2\/media\/12943"}],"wp:attachment":[{"href":"https:\/\/eldiariodesanpedro.com.ar\/sitio\/wp-json\/wp\/v2\/media?parent=37699"}],"wp:term":[{"taxonomy":"category","embeddable":true,"href":"https:\/\/eldiariodesanpedro.com.ar\/sitio\/wp-json\/wp\/v2\/categories?post=37699"},{"taxonomy":"post_tag","embeddable":true,"href":"https:\/\/eldiariodesanpedro.com.ar\/sitio\/wp-json\/wp\/v2\/tags?post=37699"}],"curies":[{"name":"wp","href":"https:\/\/api.w.org\/{rel}","templated":true}]}}