{"id":37694,"date":"2018-08-03T20:34:52","date_gmt":"2018-08-03T23:34:52","guid":{"rendered":"https:\/\/eldiariodesanpedro.com.ar\/sitio\/?p=37694"},"modified":"2018-08-03T20:34:52","modified_gmt":"2018-08-03T23:34:52","slug":"san-nicolas-allanamientos-por-narcomenudeo-en-barrio-los-provincianos-y-villa-piolin","status":"publish","type":"post","link":"https:\/\/eldiariodesanpedro.com.ar\/sitio\/san-nicolas-allanamientos-por-narcomenudeo-en-barrio-los-provincianos-y-villa-piolin\/","title":{"rendered":"SAN NICOL\u00c1S: Allanamientos por narcomenudeo en Barrio Los Provincianos y Villa Piol\u00edn"},"content":{"rendered":"<p><!-- VideographyWP Plugin Message: Automatic video embedding prevented by plugin options. --><br \/>\nEste jueves a la ma\u00f1ana, en barrio Los Provincianos y Villa Piol\u00edn se realiz\u00f3 un fuerte operativo en el que intervinieron la UFI Nro. 1 y numerosas fuerzas policiales, logrando el secuestro de gran cantidad de dosis de marihuana y coca\u00edna lista para su comercializaci\u00f3n.<\/p>\n<p>  En el marco de dos investigaciones llevadas a cabo por la U.F.I. N\u00b0 1\u00b0, Tematizada en estupefacientes, se efectuaron m\u00faltiples procedimientos en distintos lugares sindicados como puntos de ventas de drogas.<br \/>\n  Los allanamientos se ejecutaron en la madrugada de ayer, con la intervenci\u00f3n de la Agente Fiscal Dra. Mar\u00eda Ver\u00f3nica Marcantonio, el Ayudante Fiscal especializado en estupefacientes e instructores del Ministerio P\u00fablico Fiscal quienes estuvieron al mando junto con la Delegaci\u00f3n Departamental San Nicol\u00e1s de Investigaciones del Tr\u00e1fico de Drogas Il\u00edcitas y de la Polic\u00eda Federal Argentina, Delegaci\u00f3n San Nicol\u00e1s, secundada por las Delegaciones Pergamino y Venado Tuerto. Se hicieron efectivas varias \u00f3rdenes de allanamiento las que fueron otorgadas por el Juzgado de Garant\u00edas N\u00b0: 2\u00b0, a cargo del Dr. Ricardo Luis Prati.<br \/>\n  A pesar de lo complejo del entramado urbano se logr\u00f3 incautar en poder de los investigados: marihuana, coca\u00edna y dem\u00e1s elementos de inter\u00e9s para ambas causas, reforzando el conjunto probatorio de la investigaci\u00f3n. Respecto a la situaci\u00f3n procesal de los sujetos investigados, ser\u00e1 evaluada y decidida por parte de la Agente Fiscal Dra. Mar\u00eda Ver\u00f3nica Marcantonio.   <\/p>\n<p><strong>Distintas fuerzas<\/strong><br \/>\n  Fuentes allegadas a la investigaci\u00f3n, indicaron que la causa penal, se inici\u00f3 por datos proporcionados por el Gabinete de Prevenci\u00f3n de la Comisaria Segunda, con jurisdicci\u00f3n en ambos barrios de nuestra ciudad. En la investigaci\u00f3n llevada a cabo por el gabinete criminol\u00f3gico de dicha dependencia se informaba, que el dinero producido de los robos cometidos en las inmediaciones la \u00abRotonda\u00bb, ubicada en la intersecci\u00f3n de la Ruta 188 y Avenida Savio, ten\u00eda como destino la adquisici\u00f3n de material estupefaciente, en los Barrios Piol\u00edn y Los Provincianos.<br \/>\n  Dada la complejidad que ofrec\u00eda la trama urbana, de ambos barrios, la Dra. Marcantonio, dispuso que las medidas de investigaci\u00f3n sean efectuadas en conjunto por fuerzas policiales mixtas. Para ello se aunaron esfuerzos y recursos de Polic\u00eda de Drogas Il\u00edcitas de la Provincia y Polic\u00eda Federal Delegaci\u00f3n San Nicol\u00e1s.<\/p>\n<p><strong>Lucha contra el narcomenudeo<\/strong><br \/>\n  Estos procedimientos son parte conjunta del Plan de acci\u00f3n directa contra el \u201cNarcomenudeo\u201d, que se viene llevando a cabo desde la U.F.I. 1\u00b0, en los \u00faltimos tiempos, en colaboraci\u00f3n con fuerzas locales y federales, que han permitido desbaratar diferentes modalidades de comercializaci\u00f3n de sustancias estupefacientes en el \u00e1mbito de nuestra ciudad y zonas aleda\u00f1as. <\/p>\n<p>Fuente: Diario El Norte<\/p>\n","protected":false},"excerpt":{"rendered":"<p>Este jueves a la ma\u00f1ana, en barrio Los Provincianos y Villa Piol\u00edn se realiz\u00f3 un fuerte operativo en el que intervinieron la UFI Nro. 1 y numerosas fuerzas policiales, logrando el secuestro de gran cantidad de dosis de marihuana y coca\u00edna lista para su comercializaci\u00f3n. En el marco de dos investigaciones llevadas a cabo por [&hellip;]<\/p>\n","protected":false},"author":4,"featured_media":37696,"comment_status":"open","ping_status":"closed","sticky":false,"template":"","format":"standard","meta":{"om_disable_all_campaigns":false,"_jetpack_memberships_contains_paid_content":false,"footnotes":""},"categories":[621],"tags":[],"class_list":["post-37694","post","type-post","status-publish","format-standard","has-post-thumbnail","hentry","category-regionales"],"aioseo_notices":[],"gutentor_comment":0,"jetpack_featured_media_url":"https:\/\/eldiariodesanpedro.com.ar\/sitio\/wp-content\/uploads\/2018\/08\/Allanamientos-por-narcomenudeo-en-Barrio-Los-Provincianos-y-Villa-Piol\u00edn.jpg","jetpack_shortlink":"https:\/\/wp.me\/p6RhLt-9NY","jetpack_sharing_enabled":true,"_links":{"self":[{"href":"https:\/\/eldiariodesanpedro.com.ar\/sitio\/wp-json\/wp\/v2\/posts\/37694","targetHints":{"allow":["GET"]}}],"collection":[{"href":"https:\/\/eldiariodesanpedro.com.ar\/sitio\/wp-json\/wp\/v2\/posts"}],"about":[{"href":"https:\/\/eldiariodesanpedro.com.ar\/sitio\/wp-json\/wp\/v2\/types\/post"}],"author":[{"embeddable":true,"href":"https:\/\/eldiariodesanpedro.com.ar\/sitio\/wp-json\/wp\/v2\/users\/4"}],"replies":[{"embeddable":true,"href":"https:\/\/eldiariodesanpedro.com.ar\/sitio\/wp-json\/wp\/v2\/comments?post=37694"}],"version-history":[{"count":1,"href":"https:\/\/eldiariodesanpedro.com.ar\/sitio\/wp-json\/wp\/v2\/posts\/37694\/revisions"}],"predecessor-version":[{"id":37698,"href":"https:\/\/eldiariodesanpedro.com.ar\/sitio\/wp-json\/wp\/v2\/posts\/37694\/revisions\/37698"}],"wp:featuredmedia":[{"embeddable":true,"href":"https:\/\/eldiariodesanpedro.com.ar\/sitio\/wp-json\/wp\/v2\/media\/37696"}],"wp:attachment":[{"href":"https:\/\/eldiariodesanpedro.com.ar\/sitio\/wp-json\/wp\/v2\/media?parent=37694"}],"wp:term":[{"taxonomy":"category","embeddable":true,"href":"https:\/\/eldiariodesanpedro.com.ar\/sitio\/wp-json\/wp\/v2\/categories?post=37694"},{"taxonomy":"post_tag","embeddable":true,"href":"https:\/\/eldiariodesanpedro.com.ar\/sitio\/wp-json\/wp\/v2\/tags?post=37694"}],"curies":[{"name":"wp","href":"https:\/\/api.w.org\/{rel}","templated":true}]}}