{"id":37691,"date":"2018-08-03T20:32:40","date_gmt":"2018-08-03T23:32:40","guid":{"rendered":"https:\/\/eldiariodesanpedro.com.ar\/sitio\/?p=37691"},"modified":"2018-08-03T20:32:40","modified_gmt":"2018-08-03T23:32:40","slug":"zarate-persecucion-despiste-y-sorpresa-dentro-de-un-auto-encontraron-gran-cantidad-de-droga","status":"publish","type":"post","link":"https:\/\/eldiariodesanpedro.com.ar\/sitio\/zarate-persecucion-despiste-y-sorpresa-dentro-de-un-auto-encontraron-gran-cantidad-de-droga\/","title":{"rendered":"Z\u00c1RATE: Persecuci\u00f3n, despiste y sorpresa dentro de un auto: encontraron gran cantidad de droga"},"content":{"rendered":"<p><!-- VideographyWP Plugin Message: Automatic video embedding prevented by plugin options. --><br \/>\n  Un Volkswagen Fox termin\u00f3 despistando y el conductor se dio a la fuga por el campo, amparado por la oscuridad. Durante el transcurso de la noche fue capturado en inmediaciones del peaje, tiene 34 a\u00f1os y fue imputado por infracci\u00f3n a la Ley N\u00ba 23.737 (droga). <\/p>\n<p>  En el lugar se encontraron esparcidos varios \u201cladrillos\u201d de los que se empaquetan estupefacientes y grande fue la sorpresa de los efectivos policiales cuando requisaron el veh\u00edculo.<\/p>\n<p>  En el interior se hallaron 62 panes, cuatro de coca\u00edna y el resto conteniendo marihuana, adem\u00e1s de bolsas con semillas de cannabis.  Actuaron Comisar\u00eda 2da de Lima, a cargo del Subcomisario Villa, Polic\u00eda Vial y Comando Patrulla.<\/p>\n<p>  El veh\u00edculo estar\u00eda radicado en Rosario y tambi\u00e9n fueron secuestrados dos tel\u00e9fonos celulares y documentaci\u00f3n.<\/p>\n<p>Fuente: Enlace Cr\u00edtico<\/p>\n","protected":false},"excerpt":{"rendered":"<p>Un Volkswagen Fox termin\u00f3 despistando y el conductor se dio a la fuga por el campo, amparado por la oscuridad. Durante el transcurso de la noche fue capturado en inmediaciones del peaje, tiene 34 a\u00f1os y fue imputado por infracci\u00f3n a la Ley N\u00ba 23.737 (droga). En el lugar se encontraron esparcidos varios \u201cladrillos\u201d de [&hellip;]<\/p>\n","protected":false},"author":4,"featured_media":37693,"comment_status":"open","ping_status":"closed","sticky":false,"template":"","format":"standard","meta":{"om_disable_all_campaigns":false,"_jetpack_memberships_contains_paid_content":false,"footnotes":""},"categories":[621],"tags":[],"class_list":["post-37691","post","type-post","status-publish","format-standard","has-post-thumbnail","hentry","category-regionales"],"aioseo_notices":[],"gutentor_comment":0,"jetpack_featured_media_url":"https:\/\/eldiariodesanpedro.com.ar\/sitio\/wp-content\/uploads\/2018\/08\/Persecucion-despiste-y-sorpresa-dentro-de-un-auto-encontraron-gran-cantidad-de-droga.jpg","jetpack_shortlink":"https:\/\/wp.me\/p6RhLt-9NV","jetpack_sharing_enabled":true,"_links":{"self":[{"href":"https:\/\/eldiariodesanpedro.com.ar\/sitio\/wp-json\/wp\/v2\/posts\/37691","targetHints":{"allow":["GET"]}}],"collection":[{"href":"https:\/\/eldiariodesanpedro.com.ar\/sitio\/wp-json\/wp\/v2\/posts"}],"about":[{"href":"https:\/\/eldiariodesanpedro.com.ar\/sitio\/wp-json\/wp\/v2\/types\/post"}],"author":[{"embeddable":true,"href":"https:\/\/eldiariodesanpedro.com.ar\/sitio\/wp-json\/wp\/v2\/users\/4"}],"replies":[{"embeddable":true,"href":"https:\/\/eldiariodesanpedro.com.ar\/sitio\/wp-json\/wp\/v2\/comments?post=37691"}],"version-history":[{"count":1,"href":"https:\/\/eldiariodesanpedro.com.ar\/sitio\/wp-json\/wp\/v2\/posts\/37691\/revisions"}],"predecessor-version":[{"id":37695,"href":"https:\/\/eldiariodesanpedro.com.ar\/sitio\/wp-json\/wp\/v2\/posts\/37691\/revisions\/37695"}],"wp:featuredmedia":[{"embeddable":true,"href":"https:\/\/eldiariodesanpedro.com.ar\/sitio\/wp-json\/wp\/v2\/media\/37693"}],"wp:attachment":[{"href":"https:\/\/eldiariodesanpedro.com.ar\/sitio\/wp-json\/wp\/v2\/media?parent=37691"}],"wp:term":[{"taxonomy":"category","embeddable":true,"href":"https:\/\/eldiariodesanpedro.com.ar\/sitio\/wp-json\/wp\/v2\/categories?post=37691"},{"taxonomy":"post_tag","embeddable":true,"href":"https:\/\/eldiariodesanpedro.com.ar\/sitio\/wp-json\/wp\/v2\/tags?post=37691"}],"curies":[{"name":"wp","href":"https:\/\/api.w.org\/{rel}","templated":true}]}}