{"id":37688,"date":"2018-08-03T20:28:13","date_gmt":"2018-08-03T23:28:13","guid":{"rendered":"https:\/\/eldiariodesanpedro.com.ar\/sitio\/?p=37688"},"modified":"2018-08-03T20:28:13","modified_gmt":"2018-08-03T23:28:13","slug":"ramallo-la-casa-de-la-mujer-invita-al-encuentro-feminista-en-villa-ramallo","status":"publish","type":"post","link":"https:\/\/eldiariodesanpedro.com.ar\/sitio\/ramallo-la-casa-de-la-mujer-invita-al-encuentro-feminista-en-villa-ramallo\/","title":{"rendered":"RAMALLO: La Casa de la Mujer invita al Encuentro Feminista en Villa Ramallo"},"content":{"rendered":"<p><!-- VideographyWP Plugin Message: Automatic video embedding prevented by plugin options. --><br \/>\nNatalia Avenali y Pilar Mendoza, integrantes de la Casa de la Mujer y la Diversidad, nos cuentan los detalles de la organizaci\u00f3n del Encuentro Regional Feminista en Villa Ramallo.<\/p>\n<p>  Natalia cuenta que la iniciativa nace \u201cdespu\u00e9s de haber participado de un Encuentro Feminista en Pergamino, en donde aprendimos mucho y quisimos hacer uno parecido en nuestra comunidad, para que lo puedan disfrutar y participar, de las charlas de los disertantes y los talleres. De esta manera poder visibilizar las problem\u00e1ticas de g\u00e9nero\u201d.<\/p>\n<p>  \u201cSer\u00e1 un espacio para toda la comunidad, adolescentes, j\u00f3venes y adultos. Ser\u00e1 con entrada libre y gratuita, a partir de la necesidad de seguir generando espacios para la acci\u00f3n colectiva, para el an\u00e1lisis, debate, conocimiento y desconstrucci\u00f3n social en nuestra regi\u00f3n, generando estrategias que pongan fin a la opresi\u00f3n que vivimos como sociedad d\u00eda a d\u00eda\u201d, amplia Pilar.<\/p>\n<p>  El encuentro girar\u00e1 en torno a los ejes de Feminismo, Educaci\u00f3n Sexual Integral y Cosificaci\u00f3n y Empoderamiento de los cuerpos.<\/p>\n<p>  El Encuentro Regional Feminista comienza con la acreditaci\u00f3n a las 9 de la ma\u00f1ana, en el Auditorio Libertador de la localidad de Villa Ramallo y se llevara a cabo hasta las 16 horas aproximadamente.<\/p>\n<p>  Habr\u00e1 dos paneles que contaran con la presencia de referentes feministas como Laurana Malacalza, Docente de la UNLP e investigadora; Samanta Alonso, Modelo XL, Activista Gorda y Co-fundadora de Plus Doll (Agencia de Modelos XL); Lucila de Ponti, Diputada Nacional por Santa Fe, Movimiento Evita; Noelia Figueroa, Docente universitaria, Referente de Mala Junta y del Colectivo Ni Una Menos Rosario; Ver\u00f3nica Correa, Docente con perspectiva de ESI e integrante del Programa G\u00e9nero y Sexualidades de la Facultad de Derecho de la UNR; y Julia Pedrido Mariani, Estudiante de Derecho e integrante del Programa G\u00e9nero y Sexualidades de la Facultad de Derecho UNR.<\/p>\n<p>  Se realizar\u00e1n dos talleres: Educaci\u00f3n Sexual Integral, a cargo del Programa G\u00e9nero y Sexualidades de la UNR; y Cosificaci\u00f3n y Empoderamiento de los cuerpos, a cargo de Samanta Alonso.<\/p>\n<p>  \u201cCreemos que es de gran importancia poder generar espacios en nuestra localidad donde se aborden tem\u00e1ticas con perspectiva de g\u00e9nero, para que todas y todos podamos desnaturalizar situaciones que nos han da\u00f1ado como sociedad y empecemos a construir juntos y juntas una sociedad m\u00e1s igualitaria y m\u00e1s justa\u201d, coincidieron las organizadoras.<\/p>\n<p>Fuente: Ramallo Informa<\/p>\n","protected":false},"excerpt":{"rendered":"<p>Natalia Avenali y Pilar Mendoza, integrantes de la Casa de la Mujer y la Diversidad, nos cuentan los detalles de la organizaci\u00f3n del Encuentro Regional Feminista en Villa Ramallo. Natalia cuenta que la iniciativa nace \u201cdespu\u00e9s de haber participado de un Encuentro Feminista en Pergamino, en donde aprendimos mucho y quisimos hacer uno parecido en [&hellip;]<\/p>\n","protected":false},"author":4,"featured_media":37690,"comment_status":"open","ping_status":"closed","sticky":false,"template":"","format":"standard","meta":{"om_disable_all_campaigns":false,"_jetpack_memberships_contains_paid_content":false,"footnotes":""},"categories":[621],"tags":[],"class_list":["post-37688","post","type-post","status-publish","format-standard","has-post-thumbnail","hentry","category-regionales"],"aioseo_notices":[],"gutentor_comment":0,"jetpack_featured_media_url":"https:\/\/eldiariodesanpedro.com.ar\/sitio\/wp-content\/uploads\/2018\/08\/Promoci\u00f3n-del-evento.jpg","jetpack_shortlink":"https:\/\/wp.me\/p6RhLt-9NS","jetpack_sharing_enabled":true,"_links":{"self":[{"href":"https:\/\/eldiariodesanpedro.com.ar\/sitio\/wp-json\/wp\/v2\/posts\/37688","targetHints":{"allow":["GET"]}}],"collection":[{"href":"https:\/\/eldiariodesanpedro.com.ar\/sitio\/wp-json\/wp\/v2\/posts"}],"about":[{"href":"https:\/\/eldiariodesanpedro.com.ar\/sitio\/wp-json\/wp\/v2\/types\/post"}],"author":[{"embeddable":true,"href":"https:\/\/eldiariodesanpedro.com.ar\/sitio\/wp-json\/wp\/v2\/users\/4"}],"replies":[{"embeddable":true,"href":"https:\/\/eldiariodesanpedro.com.ar\/sitio\/wp-json\/wp\/v2\/comments?post=37688"}],"version-history":[{"count":1,"href":"https:\/\/eldiariodesanpedro.com.ar\/sitio\/wp-json\/wp\/v2\/posts\/37688\/revisions"}],"predecessor-version":[{"id":37692,"href":"https:\/\/eldiariodesanpedro.com.ar\/sitio\/wp-json\/wp\/v2\/posts\/37688\/revisions\/37692"}],"wp:featuredmedia":[{"embeddable":true,"href":"https:\/\/eldiariodesanpedro.com.ar\/sitio\/wp-json\/wp\/v2\/media\/37690"}],"wp:attachment":[{"href":"https:\/\/eldiariodesanpedro.com.ar\/sitio\/wp-json\/wp\/v2\/media?parent=37688"}],"wp:term":[{"taxonomy":"category","embeddable":true,"href":"https:\/\/eldiariodesanpedro.com.ar\/sitio\/wp-json\/wp\/v2\/categories?post=37688"},{"taxonomy":"post_tag","embeddable":true,"href":"https:\/\/eldiariodesanpedro.com.ar\/sitio\/wp-json\/wp\/v2\/tags?post=37688"}],"curies":[{"name":"wp","href":"https:\/\/api.w.org\/{rel}","templated":true}]}}