{"id":37685,"date":"2018-08-03T20:26:23","date_gmt":"2018-08-03T23:26:23","guid":{"rendered":"https:\/\/eldiariodesanpedro.com.ar\/sitio\/?p=37685"},"modified":"2018-08-03T20:26:23","modified_gmt":"2018-08-03T23:26:23","slug":"san-nicolas-en-agosto-habra-suspensiones-que-afectaran-a-400-empleados-de-motomel","status":"publish","type":"post","link":"https:\/\/eldiariodesanpedro.com.ar\/sitio\/san-nicolas-en-agosto-habra-suspensiones-que-afectaran-a-400-empleados-de-motomel\/","title":{"rendered":"SAN NICOL\u00c1S: En agosto habr\u00e1 suspensiones que afectar\u00e1n a 400 empleados de Motomel"},"content":{"rendered":"<p><!-- VideographyWP Plugin Message: Automatic video embedding prevented by plugin options. --><br \/>\nEl acuerdo estar\u00eda alcanzado entre la empresa, el gremio y los trabajadores. En pocos d\u00edas m\u00e1s ser\u00eda sellado en el Ministerio de Trabajo de la provincia de Buenos Aires. Unos 400 metal\u00fargicos ser\u00e1n suspendidos durante la segunda quincena de agosto. Cobrar\u00e1n s\u00f3lo una de esas dos semanas de inactividad, seg\u00fan comentaron desde UOM San Nicol\u00e1s. La medida apunta a no seguir sobre stockeando la planta de La Emilia.<\/p>\n<p>  El problema es la baja en el consumo. Las ventas de motos cayeron dr\u00e1sticamente hace ya meses y el mercado no repunta. Frente a eso, el problema se agrava con cada nueva moto o bicicleta el\u00e9ctrica que Motomel produce en su planta de La Emilia y amontona en sus dep\u00f3sitos. El sobre stock, nada saludable, es la consecuencia necesaria de aquel problema inicial. Por eso, la planta que ensambla veh\u00edculos de dos ruedas en la ex f\u00e1brica textil, primero hab\u00eda anticipado vacaciones. Y ahora, no habr\u00eda m\u00e1s remedio que recurrir a un esquema de suspensiones.<br \/>\n  Tal es el panorama descripto por fuentes gremiales y laborales de la planta de Motomel en La Emilia. Un escenario que explica la salida transitoria que empresarios y representantes gremiales acordaron recientemente, y que despu\u00e9s fue aceptada en asamblea de trabajadores celebrada en la ma\u00f1ana del mi\u00e9rcoles: la suspensi\u00f3n durante dos semanas de la producci\u00f3n.<\/p>\n<p>  El acuerdo ser\u00e1 oficial en pocos d\u00edas m\u00e1s, cuando la empresa y el gremio lo firmen en la sede regional del Ministerio de Trabajo de la provincia de Buenos Aires.<\/p>\n<p>  La paralizaci\u00f3n de la planta se producir\u00e1 durante las \u00faltimas dos semanas de agosto pr\u00f3ximo. Y se concretar\u00e1 a trav\u00e9s de la suspensi\u00f3n de 400 trabajadores durante esos 14 d\u00edas. Seg\u00fan trascendi\u00f3, la parte empresarial se habr\u00eda comprometido a pagar salarios por una de esas dos semanas de inactividad, con lo que los operarios trabajar\u00edan medio mes, pero percibir\u00edan las tres cuartas partes de sus salarios habituales.<\/p>\n<p>  \u201cEl objetivo principal de esta medida es conservar el empleo. La situaci\u00f3n del mercado es muy cr\u00edtica. Con esto ganaremos un poco de tiempo, esperando que en setiembre la situaci\u00f3n del mercado mejore\u201d, coment\u00f3 ayer a EL NORTE el secretario de Prensa de la Seccional San Nicol\u00e1s de la Uni\u00f3n Obrera Metal\u00fargica (UOM), Fabi\u00e1n Gigli.<\/p>\n<p><strong>Antecedentes<\/strong><br \/>\n  La medida que se formalizar\u00e1 en pocas horas m\u00e1s y que se concretar\u00e1 en la segunda quincena del mes pr\u00f3ximo, se suma a otros antecedentes inmediatos registrados en Motomel la Emilia como consecuencia de un panorama de incertidumbre de corto y largo plazo por el derrumbe en la venta de motos.<\/p>\n<p>  De hecho, este mismo lunes hab\u00edan puesto a ponerse en marcha las l\u00edneas de producci\u00f3n de la planta emiliana, despu\u00e9s de haber estado paradas durante dos semanas en virtud de la decisi\u00f3n de la empresa de instrumentar vacaciones adelantadas a su personal. El objeto de aquel parate en la producci\u00f3n era, justamente, el de equilibrar el stock de productos en un contexto de fuerte retracci\u00f3n de ventas.<\/p>\n<p>  Otro antecedente: en mayo pasado la empresa se hab\u00eda desprendido de unos 130 trabajadores al no renovarles sus contratos. Y durante junio se hicieron acuerdos para instrumentar vacaciones de empleados con d\u00edas pendientes.<br \/>\nEn la f\u00e1brica operan cinco l\u00edneas de producci\u00f3n de motos, (donde se producen 60 modelos). Adem\u00e1s, cuenta con dos l\u00edneas de abastecimientos de partes, dos l\u00edneas de embalaje, una l\u00ednea de producci\u00f3n de bicicletas, seis inyectoras de pl\u00e1sticos, un laboratorio de control y test de productos, planta de soldadura, pintura y fabricaci\u00f3n de motopartes.<\/p>\n<p>Fuente: Diario El Norte<\/p>\n","protected":false},"excerpt":{"rendered":"<p>El acuerdo estar\u00eda alcanzado entre la empresa, el gremio y los trabajadores. En pocos d\u00edas m\u00e1s ser\u00eda sellado en el Ministerio de Trabajo de la provincia de Buenos Aires. Unos 400 metal\u00fargicos ser\u00e1n suspendidos durante la segunda quincena de agosto. Cobrar\u00e1n s\u00f3lo una de esas dos semanas de inactividad, seg\u00fan comentaron desde UOM San Nicol\u00e1s. [&hellip;]<\/p>\n","protected":false},"author":4,"featured_media":37687,"comment_status":"open","ping_status":"closed","sticky":false,"template":"","format":"standard","meta":{"om_disable_all_campaigns":false,"_jetpack_memberships_contains_paid_content":false,"footnotes":""},"categories":[621],"tags":[],"class_list":["post-37685","post","type-post","status-publish","format-standard","has-post-thumbnail","hentry","category-regionales"],"aioseo_notices":[],"gutentor_comment":0,"jetpack_featured_media_url":"https:\/\/eldiariodesanpedro.com.ar\/sitio\/wp-content\/uploads\/2018\/08\/Planta-de-Motomel-en-La-Emilia.jpg","jetpack_shortlink":"https:\/\/wp.me\/p6RhLt-9NP","jetpack_sharing_enabled":true,"_links":{"self":[{"href":"https:\/\/eldiariodesanpedro.com.ar\/sitio\/wp-json\/wp\/v2\/posts\/37685","targetHints":{"allow":["GET"]}}],"collection":[{"href":"https:\/\/eldiariodesanpedro.com.ar\/sitio\/wp-json\/wp\/v2\/posts"}],"about":[{"href":"https:\/\/eldiariodesanpedro.com.ar\/sitio\/wp-json\/wp\/v2\/types\/post"}],"author":[{"embeddable":true,"href":"https:\/\/eldiariodesanpedro.com.ar\/sitio\/wp-json\/wp\/v2\/users\/4"}],"replies":[{"embeddable":true,"href":"https:\/\/eldiariodesanpedro.com.ar\/sitio\/wp-json\/wp\/v2\/comments?post=37685"}],"version-history":[{"count":1,"href":"https:\/\/eldiariodesanpedro.com.ar\/sitio\/wp-json\/wp\/v2\/posts\/37685\/revisions"}],"predecessor-version":[{"id":37689,"href":"https:\/\/eldiariodesanpedro.com.ar\/sitio\/wp-json\/wp\/v2\/posts\/37685\/revisions\/37689"}],"wp:featuredmedia":[{"embeddable":true,"href":"https:\/\/eldiariodesanpedro.com.ar\/sitio\/wp-json\/wp\/v2\/media\/37687"}],"wp:attachment":[{"href":"https:\/\/eldiariodesanpedro.com.ar\/sitio\/wp-json\/wp\/v2\/media?parent=37685"}],"wp:term":[{"taxonomy":"category","embeddable":true,"href":"https:\/\/eldiariodesanpedro.com.ar\/sitio\/wp-json\/wp\/v2\/categories?post=37685"},{"taxonomy":"post_tag","embeddable":true,"href":"https:\/\/eldiariodesanpedro.com.ar\/sitio\/wp-json\/wp\/v2\/tags?post=37685"}],"curies":[{"name":"wp","href":"https:\/\/api.w.org\/{rel}","templated":true}]}}