{"id":37680,"date":"2018-08-03T20:23:47","date_gmt":"2018-08-03T23:23:47","guid":{"rendered":"https:\/\/eldiariodesanpedro.com.ar\/sitio\/?p=37680"},"modified":"2018-08-03T20:23:47","modified_gmt":"2018-08-03T23:23:47","slug":"marcha-en-memoria-de-sandra-y-ruben","status":"publish","type":"post","link":"https:\/\/eldiariodesanpedro.com.ar\/sitio\/marcha-en-memoria-de-sandra-y-ruben\/","title":{"rendered":"Marcha en memoria de Sandra y Rub\u00e9n"},"content":{"rendered":"<p><!-- VideographyWP Plugin Message: Automatic video embedding prevented by plugin options. --><br \/>\nNo tuvieron tiempo ni de entender lo que pas\u00f3: cuando la vicedirectora Sandra Calamano y el portero Rub\u00e9n Orlando Rodr\u00edguez encendieron las luces de la sala de profesores de la Escuela Primaria N\u00b0 49 de Moreno, todo vol\u00f3 por los aires. La explosi\u00f3n fue tan fuerte que rompi\u00f3 aberturas, mamposter\u00eda y sus cuerpos fueron encontrados a 30 y a 60 metros, respectivamente, del lugar del hecho. El informe preliminar de la pericia de los bomberos bonaerenses indica que el estallido habr\u00eda sido por \u201cuna probable acumulaci\u00f3n de gases en el interior\u201d.<\/p>\n<p>  Las autoridades del colegio ya hab\u00edan presentado reclamos por problemas en el edificio escolar. Es m\u00e1s, el propio subsecretario de Educaci\u00f3n provincial, Sergio Siciliano, confirm\u00f3 la existencia de esas denuncias. \u201cEsos pedidos no llegaron a la Direcci\u00f3n General de Cultura y Educaci\u00f3n, porque los fondos para reparaci\u00f3n son girados a los consejos escolares\u201d, dijo.<\/p>\n<p>  Ante el conmocionante hecho, el Frente de Unidad Docente Bonaerense, que nuclea a los sindicatos del sector, y ATE, que representa a los auxiliares, convocaron a un paro para ayer, viernes, en reclamo de mejoras edilicias que permitan \u201ccondiciones dignas de trabajo\u201d.<\/p>\n<p>  En San Pedro, docentes y auxiliares realizaron una marcha de antorchas cuya concentraci\u00f3n fue a las 17.30 hs. de este viernes en la esquina de Mitre y la Peatonal del Centenario, desde donde comenzaron, recorrieron por calle Mitre hasta llegar a Per\u00f3n, donde tomaron calle Pellegrini pasando por la Municipalidad de San Pedro, para llegar nuevamente hasta la Peatonal del Centenario. All\u00ed, se realiz\u00f3 un acto con 3 n\u00fameros musicales, 1 minuto de aplausos en recuerdo de las dos personas fallecidas y, cerraron la marcha con el himno nacional argentino.<\/p>\n<p>  Cabe destacar que en la marcha no se vieron ni, estuvieron presentes representantes de partidos pol\u00edticos. <\/p>\n<p><img decoding=\"async\" data-attachment-id=\"37684\" data-permalink=\"https:\/\/eldiariodesanpedro.com.ar\/sitio\/marcha-en-memoria-de-sandra-y-ruben\/pagina-5-unojpeg\/\" data-orig-file=\"https:\/\/eldiariodesanpedro.com.ar\/sitio\/wp-content\/uploads\/2018\/08\/PAGINA-5-UNOjpeg.jpeg\" data-orig-size=\"1280,622\" data-comments-opened=\"1\" data-image-meta=\"{&quot;aperture&quot;:&quot;0&quot;,&quot;credit&quot;:&quot;&quot;,&quot;camera&quot;:&quot;&quot;,&quot;caption&quot;:&quot;&quot;,&quot;created_timestamp&quot;:&quot;0&quot;,&quot;copyright&quot;:&quot;&quot;,&quot;focal_length&quot;:&quot;0&quot;,&quot;iso&quot;:&quot;0&quot;,&quot;shutter_speed&quot;:&quot;0&quot;,&quot;title&quot;:&quot;&quot;,&quot;orientation&quot;:&quot;0&quot;}\" data-image-title=\"PAGINA 5 UNOjpeg\" data-image-description=\"\" data-image-caption=\"\" data-large-file=\"https:\/\/eldiariodesanpedro.com.ar\/sitio\/wp-content\/uploads\/2018\/08\/PAGINA-5-UNOjpeg-1024x498.jpeg\" data-src=\"https:\/\/eldiariodesanpedro.com.ar\/sitio\/wp-content\/uploads\/2018\/08\/PAGINA-5-UNOjpeg-1024x498.jpeg\" alt=\"\" width=\"660\" height=\"321\" class=\"alignnone size-large wp-image-37684 lazyload\" data-srcset=\"https:\/\/eldiariodesanpedro.com.ar\/sitio\/wp-content\/uploads\/2018\/08\/PAGINA-5-UNOjpeg-1024x498.jpeg 1024w, https:\/\/eldiariodesanpedro.com.ar\/sitio\/wp-content\/uploads\/2018\/08\/PAGINA-5-UNOjpeg-300x146.jpeg 300w, https:\/\/eldiariodesanpedro.com.ar\/sitio\/wp-content\/uploads\/2018\/08\/PAGINA-5-UNOjpeg-768x373.jpeg 768w, https:\/\/eldiariodesanpedro.com.ar\/sitio\/wp-content\/uploads\/2018\/08\/PAGINA-5-UNOjpeg.jpeg 1280w\" data-sizes=\"(max-width: 660px) 100vw, 660px\" src=\"data:image\/svg+xml;base64,PHN2ZyB3aWR0aD0iMSIgaGVpZ2h0PSIxIiB4bWxucz0iaHR0cDovL3d3dy53My5vcmcvMjAwMC9zdmciPjwvc3ZnPg==\" style=\"--smush-placeholder-width: 660px; --smush-placeholder-aspect-ratio: 660\/321;\" \/><\/p>\n","protected":false},"excerpt":{"rendered":"<p>No tuvieron tiempo ni de entender lo que pas\u00f3: cuando la vicedirectora Sandra Calamano y el portero Rub\u00e9n Orlando Rodr\u00edguez encendieron las luces de la sala de profesores de la Escuela Primaria N\u00b0 49 de Moreno, todo vol\u00f3 por los aires. La explosi\u00f3n fue tan fuerte que rompi\u00f3 aberturas, mamposter\u00eda y sus cuerpos fueron encontrados [&hellip;]<\/p>\n","protected":false},"author":4,"featured_media":37683,"comment_status":"open","ping_status":"closed","sticky":false,"template":"","format":"standard","meta":{"om_disable_all_campaigns":false,"_jetpack_memberships_contains_paid_content":false,"footnotes":""},"categories":[101,2],"tags":[],"class_list":["post-37680","post","type-post","status-publish","format-standard","has-post-thumbnail","hentry","category-interes-general-locales","category-locales"],"aioseo_notices":[],"gutentor_comment":0,"jetpack_featured_media_url":"https:\/\/eldiariodesanpedro.com.ar\/sitio\/wp-content\/uploads\/2018\/08\/PAGINA-5-DOS.jpeg","jetpack_shortlink":"https:\/\/wp.me\/p6RhLt-9NK","jetpack_sharing_enabled":true,"_links":{"self":[{"href":"https:\/\/eldiariodesanpedro.com.ar\/sitio\/wp-json\/wp\/v2\/posts\/37680","targetHints":{"allow":["GET"]}}],"collection":[{"href":"https:\/\/eldiariodesanpedro.com.ar\/sitio\/wp-json\/wp\/v2\/posts"}],"about":[{"href":"https:\/\/eldiariodesanpedro.com.ar\/sitio\/wp-json\/wp\/v2\/types\/post"}],"author":[{"embeddable":true,"href":"https:\/\/eldiariodesanpedro.com.ar\/sitio\/wp-json\/wp\/v2\/users\/4"}],"replies":[{"embeddable":true,"href":"https:\/\/eldiariodesanpedro.com.ar\/sitio\/wp-json\/wp\/v2\/comments?post=37680"}],"version-history":[{"count":1,"href":"https:\/\/eldiariodesanpedro.com.ar\/sitio\/wp-json\/wp\/v2\/posts\/37680\/revisions"}],"predecessor-version":[{"id":37686,"href":"https:\/\/eldiariodesanpedro.com.ar\/sitio\/wp-json\/wp\/v2\/posts\/37680\/revisions\/37686"}],"wp:featuredmedia":[{"embeddable":true,"href":"https:\/\/eldiariodesanpedro.com.ar\/sitio\/wp-json\/wp\/v2\/media\/37683"}],"wp:attachment":[{"href":"https:\/\/eldiariodesanpedro.com.ar\/sitio\/wp-json\/wp\/v2\/media?parent=37680"}],"wp:term":[{"taxonomy":"category","embeddable":true,"href":"https:\/\/eldiariodesanpedro.com.ar\/sitio\/wp-json\/wp\/v2\/categories?post=37680"},{"taxonomy":"post_tag","embeddable":true,"href":"https:\/\/eldiariodesanpedro.com.ar\/sitio\/wp-json\/wp\/v2\/tags?post=37680"}],"curies":[{"name":"wp","href":"https:\/\/api.w.org\/{rel}","templated":true}]}}