{"id":37679,"date":"2018-08-03T20:21:28","date_gmt":"2018-08-03T23:21:28","guid":{"rendered":"https:\/\/eldiariodesanpedro.com.ar\/sitio\/?p=37679"},"modified":"2018-08-03T20:21:28","modified_gmt":"2018-08-03T23:21:28","slug":"diputados-de-unidad-ciudadana-recibieron-a-los-bomberos-en-medio-del-reclamo","status":"publish","type":"post","link":"https:\/\/eldiariodesanpedro.com.ar\/sitio\/diputados-de-unidad-ciudadana-recibieron-a-los-bomberos-en-medio-del-reclamo\/","title":{"rendered":"Diputados de Unidad Ciudadana recibieron a los Bomberos en medio del reclamo"},"content":{"rendered":"<p><!-- VideographyWP Plugin Message: Automatic video embedding prevented by plugin options. --><br \/>\nM\u00e1s de 1400 Bomberos del pa\u00eds participaron del abrazo simb\u00f3lico al Congreso Nacional en medio del reclamo por la falta de pagos de fondos. Ante la presencia de los Bomberos el gobierno nacional dispuso de un inentendible operativo policial.<\/p>\n<p>  En el marco de la jornada de protesta del Sistema Nacional de Bomberos Voluntarios por la falta de pago de parte del ejecutivo Nacional de los fondos que corresponden a todos los cuarteles del pa\u00eds, a trav\u00e9s de lo establecido por la ley Nacional 25054, unos 1400 Bomberos formaron parte de la concentraci\u00f3n y protesta frente al Congreso.<br \/>\n  Autoridades nacionales del sistema, entre las que se encontraba el Subdirector Pcial. de capacitaci\u00f3n de la Federaci\u00f3n 2 de Junio, Comandante Mayor Fabio Giovanettoni, fueron recibidas por el bloque de diputados de Unidad Ciudadana, en el marco de distintas reuniones que se efectuaran con los distintos bloques que integran el Congreso Nacional.<br \/>\n  Se espera que en un corto plazo se llegue a una soluci\u00f3n que signifique el cobro de los subsidios por parte de las Instituciones, fondos que son empleados para la compra de materiales y funcionamiento de cada una de las dependencias.<br \/>\n  Ante la presencia de los servidores p\u00fablicos el gobierno nacional dispuso de un inentendible operativo policial con vallado y varios efectivos prestos para reprimir que impidi\u00f3 la llegada de los Bomberos al lugar.  <\/p>\n","protected":false},"excerpt":{"rendered":"<p>M\u00e1s de 1400 Bomberos del pa\u00eds participaron del abrazo simb\u00f3lico al Congreso Nacional en medio del reclamo por la falta de pagos de fondos. Ante la presencia de los Bomberos el gobierno nacional dispuso de un inentendible operativo policial. En el marco de la jornada de protesta del Sistema Nacional de Bomberos Voluntarios por la [&hellip;]<\/p>\n","protected":false},"author":4,"featured_media":37681,"comment_status":"open","ping_status":"closed","sticky":false,"template":"","format":"standard","meta":{"om_disable_all_campaigns":false,"_jetpack_memberships_contains_paid_content":false,"footnotes":""},"categories":[621],"tags":[],"class_list":["post-37679","post","type-post","status-publish","format-standard","has-post-thumbnail","hentry","category-regionales"],"aioseo_notices":[],"gutentor_comment":0,"jetpack_featured_media_url":"https:\/\/eldiariodesanpedro.com.ar\/sitio\/wp-content\/uploads\/2018\/08\/Bomberos-fueron-recibidos-por-el-bloque-de-Unidad-Ciudadana.jpg","jetpack_shortlink":"https:\/\/wp.me\/p6RhLt-9NJ","jetpack_sharing_enabled":true,"_links":{"self":[{"href":"https:\/\/eldiariodesanpedro.com.ar\/sitio\/wp-json\/wp\/v2\/posts\/37679","targetHints":{"allow":["GET"]}}],"collection":[{"href":"https:\/\/eldiariodesanpedro.com.ar\/sitio\/wp-json\/wp\/v2\/posts"}],"about":[{"href":"https:\/\/eldiariodesanpedro.com.ar\/sitio\/wp-json\/wp\/v2\/types\/post"}],"author":[{"embeddable":true,"href":"https:\/\/eldiariodesanpedro.com.ar\/sitio\/wp-json\/wp\/v2\/users\/4"}],"replies":[{"embeddable":true,"href":"https:\/\/eldiariodesanpedro.com.ar\/sitio\/wp-json\/wp\/v2\/comments?post=37679"}],"version-history":[{"count":1,"href":"https:\/\/eldiariodesanpedro.com.ar\/sitio\/wp-json\/wp\/v2\/posts\/37679\/revisions"}],"predecessor-version":[{"id":37682,"href":"https:\/\/eldiariodesanpedro.com.ar\/sitio\/wp-json\/wp\/v2\/posts\/37679\/revisions\/37682"}],"wp:featuredmedia":[{"embeddable":true,"href":"https:\/\/eldiariodesanpedro.com.ar\/sitio\/wp-json\/wp\/v2\/media\/37681"}],"wp:attachment":[{"href":"https:\/\/eldiariodesanpedro.com.ar\/sitio\/wp-json\/wp\/v2\/media?parent=37679"}],"wp:term":[{"taxonomy":"category","embeddable":true,"href":"https:\/\/eldiariodesanpedro.com.ar\/sitio\/wp-json\/wp\/v2\/categories?post=37679"},{"taxonomy":"post_tag","embeddable":true,"href":"https:\/\/eldiariodesanpedro.com.ar\/sitio\/wp-json\/wp\/v2\/tags?post=37679"}],"curies":[{"name":"wp","href":"https:\/\/api.w.org\/{rel}","templated":true}]}}