{"id":37670,"date":"2018-08-03T15:48:51","date_gmt":"2018-08-03T18:48:51","guid":{"rendered":"https:\/\/eldiariodesanpedro.com.ar\/sitio\/?p=37670"},"modified":"2018-08-03T15:48:51","modified_gmt":"2018-08-03T18:48:51","slug":"xvi-fiesta-nacional-de-la-ensaimada-mallorquina","status":"publish","type":"post","link":"https:\/\/eldiariodesanpedro.com.ar\/sitio\/xvi-fiesta-nacional-de-la-ensaimada-mallorquina\/","title":{"rendered":"XVI Fiesta Nacional de la Ensaimada Mallorquina"},"content":{"rendered":"<p><!-- VideographyWP Plugin Message: Automatic video embedding prevented by plugin options. --><br \/>\nLa tradicional fiesta sampedrina se celebrar\u00e1 este 18, 19 y 20 de agosto, la 16\u00b0 Fiesta Nacional de la Ensaimada Mallorquina en el Paseo P\u00fablico Municipal con entrada libre y gratuita desde las 12.<br \/>\nTres d\u00edas para disfrutar bailes tradicionales, espect\u00e1culos musicales para todos los gustos, feria, talleres culturales y gastron\u00f3micos, venta y elaboraci\u00f3n de Ensaimadas y el domingo 19 la presentaci\u00f3n de \u00abLa Franela\u00bb.<br \/>\nInvitan la Agrupaci\u00f3n Mallorquina y Municipalidad de San Pedro.<\/p>\n","protected":false},"excerpt":{"rendered":"<p>La tradicional fiesta sampedrina se celebrar\u00e1 este 18, 19 y 20 de agosto, la 16\u00b0 Fiesta Nacional de la Ensaimada Mallorquina en el Paseo P\u00fablico Municipal con entrada libre y gratuita desde las 12. Tres d\u00edas para disfrutar bailes tradicionales, espect\u00e1culos musicales para todos los gustos, feria, talleres culturales y gastron\u00f3micos, venta y elaboraci\u00f3n de [&hellip;]<\/p>\n","protected":false},"author":4,"featured_media":37671,"comment_status":"open","ping_status":"closed","sticky":false,"template":"","format":"standard","meta":{"om_disable_all_campaigns":false,"_jetpack_memberships_contains_paid_content":false,"footnotes":""},"categories":[101,2],"tags":[],"class_list":["post-37670","post","type-post","status-publish","format-standard","has-post-thumbnail","hentry","category-interes-general-locales","category-locales"],"aioseo_notices":[],"gutentor_comment":0,"jetpack_featured_media_url":"https:\/\/eldiariodesanpedro.com.ar\/sitio\/wp-content\/uploads\/2018\/08\/Fiesta-de-la-Ensaimada-2018.png","jetpack_shortlink":"https:\/\/wp.me\/p6RhLt-9NA","jetpack_sharing_enabled":true,"_links":{"self":[{"href":"https:\/\/eldiariodesanpedro.com.ar\/sitio\/wp-json\/wp\/v2\/posts\/37670","targetHints":{"allow":["GET"]}}],"collection":[{"href":"https:\/\/eldiariodesanpedro.com.ar\/sitio\/wp-json\/wp\/v2\/posts"}],"about":[{"href":"https:\/\/eldiariodesanpedro.com.ar\/sitio\/wp-json\/wp\/v2\/types\/post"}],"author":[{"embeddable":true,"href":"https:\/\/eldiariodesanpedro.com.ar\/sitio\/wp-json\/wp\/v2\/users\/4"}],"replies":[{"embeddable":true,"href":"https:\/\/eldiariodesanpedro.com.ar\/sitio\/wp-json\/wp\/v2\/comments?post=37670"}],"version-history":[{"count":1,"href":"https:\/\/eldiariodesanpedro.com.ar\/sitio\/wp-json\/wp\/v2\/posts\/37670\/revisions"}],"predecessor-version":[{"id":37672,"href":"https:\/\/eldiariodesanpedro.com.ar\/sitio\/wp-json\/wp\/v2\/posts\/37670\/revisions\/37672"}],"wp:featuredmedia":[{"embeddable":true,"href":"https:\/\/eldiariodesanpedro.com.ar\/sitio\/wp-json\/wp\/v2\/media\/37671"}],"wp:attachment":[{"href":"https:\/\/eldiariodesanpedro.com.ar\/sitio\/wp-json\/wp\/v2\/media?parent=37670"}],"wp:term":[{"taxonomy":"category","embeddable":true,"href":"https:\/\/eldiariodesanpedro.com.ar\/sitio\/wp-json\/wp\/v2\/categories?post=37670"},{"taxonomy":"post_tag","embeddable":true,"href":"https:\/\/eldiariodesanpedro.com.ar\/sitio\/wp-json\/wp\/v2\/tags?post=37670"}],"curies":[{"name":"wp","href":"https:\/\/api.w.org\/{rel}","templated":true}]}}