{"id":37667,"date":"2018-08-03T10:52:50","date_gmt":"2018-08-03T13:52:50","guid":{"rendered":"https:\/\/eldiariodesanpedro.com.ar\/sitio\/?p=37667"},"modified":"2018-08-03T10:52:50","modified_gmt":"2018-08-03T13:52:50","slug":"fueron-aprehendidos-dos-ciudadanos-oriundos-de-san-nicolas","status":"publish","type":"post","link":"https:\/\/eldiariodesanpedro.com.ar\/sitio\/fueron-aprehendidos-dos-ciudadanos-oriundos-de-san-nicolas\/","title":{"rendered":"Fueron aprehendidos dos ciudadanos oriundos de San Nicolas"},"content":{"rendered":"<p><!-- VideographyWP Plugin Message: Automatic video embedding prevented by plugin options. --><br \/>\n Personal de GAD San Nicol\u00e1s, en el marco de Operativo de Saturacion en intersecci\u00f3n de calle Belgrano y Balcarce, procedi\u00f3  a la aprehensi\u00f3n de dos ciudadanos mayores de edad de entre 43 y 45 a\u00f1os de edad, quienes tras ser cursados sus datos al sistema inform\u00e1tico de esta polic\u00eda, se estableci\u00f3 que el primero presenta pedido de paradero activo  por el delito de robo en grado de tentativa a solicitud del Juzgado Correccional N\u00b01 de San Nicol\u00e1s, con fecha  alta el 5 de Agosto del corriente a\u00f1o; y el segundo, un pedido de paradero activo del mismo Juzgado con fecha de alta 31 de Agosto.<\/p>\n<p>El Juzgado dispuso presentaci\u00f3n a primera audiencia.<\/p>\n","protected":false},"excerpt":{"rendered":"<p>Personal de GAD San Nicol\u00e1s, en el marco de Operativo de Saturacion en intersecci\u00f3n de calle Belgrano y Balcarce, procedi\u00f3 a la aprehensi\u00f3n de dos ciudadanos mayores de edad de entre 43 y 45 a\u00f1os de edad, quienes tras ser cursados sus datos al sistema inform\u00e1tico de esta polic\u00eda, se estableci\u00f3 que el primero presenta [&hellip;]<\/p>\n","protected":false},"author":4,"featured_media":24562,"comment_status":"open","ping_status":"closed","sticky":false,"template":"","format":"standard","meta":{"om_disable_all_campaigns":false,"_jetpack_memberships_contains_paid_content":false,"footnotes":""},"categories":[2,103],"tags":[],"class_list":["post-37667","post","type-post","status-publish","format-standard","has-post-thumbnail","hentry","category-locales","category-policiales-locales"],"aioseo_notices":[],"gutentor_comment":0,"jetpack_featured_media_url":"https:\/\/eldiariodesanpedro.com.ar\/sitio\/wp-content\/uploads\/2017\/10\/policia-patrulla-noche.jpg","jetpack_shortlink":"https:\/\/wp.me\/p6RhLt-9Nx","jetpack_sharing_enabled":true,"_links":{"self":[{"href":"https:\/\/eldiariodesanpedro.com.ar\/sitio\/wp-json\/wp\/v2\/posts\/37667","targetHints":{"allow":["GET"]}}],"collection":[{"href":"https:\/\/eldiariodesanpedro.com.ar\/sitio\/wp-json\/wp\/v2\/posts"}],"about":[{"href":"https:\/\/eldiariodesanpedro.com.ar\/sitio\/wp-json\/wp\/v2\/types\/post"}],"author":[{"embeddable":true,"href":"https:\/\/eldiariodesanpedro.com.ar\/sitio\/wp-json\/wp\/v2\/users\/4"}],"replies":[{"embeddable":true,"href":"https:\/\/eldiariodesanpedro.com.ar\/sitio\/wp-json\/wp\/v2\/comments?post=37667"}],"version-history":[{"count":1,"href":"https:\/\/eldiariodesanpedro.com.ar\/sitio\/wp-json\/wp\/v2\/posts\/37667\/revisions"}],"predecessor-version":[{"id":37669,"href":"https:\/\/eldiariodesanpedro.com.ar\/sitio\/wp-json\/wp\/v2\/posts\/37667\/revisions\/37669"}],"wp:featuredmedia":[{"embeddable":true,"href":"https:\/\/eldiariodesanpedro.com.ar\/sitio\/wp-json\/wp\/v2\/media\/24562"}],"wp:attachment":[{"href":"https:\/\/eldiariodesanpedro.com.ar\/sitio\/wp-json\/wp\/v2\/media?parent=37667"}],"wp:term":[{"taxonomy":"category","embeddable":true,"href":"https:\/\/eldiariodesanpedro.com.ar\/sitio\/wp-json\/wp\/v2\/categories?post=37667"},{"taxonomy":"post_tag","embeddable":true,"href":"https:\/\/eldiariodesanpedro.com.ar\/sitio\/wp-json\/wp\/v2\/tags?post=37667"}],"curies":[{"name":"wp","href":"https:\/\/api.w.org\/{rel}","templated":true}]}}