{"id":37663,"date":"2018-08-03T10:42:00","date_gmt":"2018-08-03T13:42:00","guid":{"rendered":"https:\/\/eldiariodesanpedro.com.ar\/sitio\/?p=37663"},"modified":"2018-08-03T10:42:00","modified_gmt":"2018-08-03T13:42:00","slug":"balearon-la-casa-de-una-mujer-y-amenazaron-de-muerte","status":"publish","type":"post","link":"https:\/\/eldiariodesanpedro.com.ar\/sitio\/balearon-la-casa-de-una-mujer-y-amenazaron-de-muerte\/","title":{"rendered":"Balearon la casa de una mujer y amenazaron de muerte"},"content":{"rendered":"<p><!-- VideographyWP Plugin Message: Automatic video embedding prevented by plugin options. --><br \/>\nUna  ciudadana de 32 a\u00f1os, denuncio el Jueves en la Dependencia Local que  ese mismo d\u00eda, cerca de las 15:00 horas, encontr\u00e1ndose durmiendo en el interior de su domicilio sito en calle Javier Rivero al 700, escucho varia detonaciones, por lo que sali\u00f3 a la vereda, donde se encontraban tres hombres a los que conoce del barrio, sindicados todos mayores de edad y con antecedentes Penales, quienes portando armas de fuego le profesaron amenazas y se retiraron del lugar r\u00e1pidamente.<\/p>\n<p>Como consecuencias no hubo heridos y la denunciante cont\u00f3 que tiene conflictos de larga data con esas personas.  <\/p>\n","protected":false},"excerpt":{"rendered":"<p>Una ciudadana de 32 a\u00f1os, denuncio el Jueves en la Dependencia Local que ese mismo d\u00eda, cerca de las 15:00 horas, encontr\u00e1ndose durmiendo en el interior de su domicilio sito en calle Javier Rivero al 700, escucho varia detonaciones, por lo que sali\u00f3 a la vereda, donde se encontraban tres hombres a los que conoce [&hellip;]<\/p>\n","protected":false},"author":4,"featured_media":13372,"comment_status":"open","ping_status":"closed","sticky":false,"template":"","format":"standard","meta":{"om_disable_all_campaigns":false,"_jetpack_memberships_contains_paid_content":false,"footnotes":""},"categories":[2,103],"tags":[],"class_list":["post-37663","post","type-post","status-publish","format-standard","has-post-thumbnail","hentry","category-locales","category-policiales-locales"],"aioseo_notices":[],"gutentor_comment":0,"jetpack_featured_media_url":"https:\/\/eldiariodesanpedro.com.ar\/sitio\/wp-content\/uploads\/2017\/01\/Patrulla-4-e1485286120389.jpg","jetpack_shortlink":"https:\/\/wp.me\/p6RhLt-9Nt","jetpack_sharing_enabled":true,"_links":{"self":[{"href":"https:\/\/eldiariodesanpedro.com.ar\/sitio\/wp-json\/wp\/v2\/posts\/37663","targetHints":{"allow":["GET"]}}],"collection":[{"href":"https:\/\/eldiariodesanpedro.com.ar\/sitio\/wp-json\/wp\/v2\/posts"}],"about":[{"href":"https:\/\/eldiariodesanpedro.com.ar\/sitio\/wp-json\/wp\/v2\/types\/post"}],"author":[{"embeddable":true,"href":"https:\/\/eldiariodesanpedro.com.ar\/sitio\/wp-json\/wp\/v2\/users\/4"}],"replies":[{"embeddable":true,"href":"https:\/\/eldiariodesanpedro.com.ar\/sitio\/wp-json\/wp\/v2\/comments?post=37663"}],"version-history":[{"count":1,"href":"https:\/\/eldiariodesanpedro.com.ar\/sitio\/wp-json\/wp\/v2\/posts\/37663\/revisions"}],"predecessor-version":[{"id":37664,"href":"https:\/\/eldiariodesanpedro.com.ar\/sitio\/wp-json\/wp\/v2\/posts\/37663\/revisions\/37664"}],"wp:featuredmedia":[{"embeddable":true,"href":"https:\/\/eldiariodesanpedro.com.ar\/sitio\/wp-json\/wp\/v2\/media\/13372"}],"wp:attachment":[{"href":"https:\/\/eldiariodesanpedro.com.ar\/sitio\/wp-json\/wp\/v2\/media?parent=37663"}],"wp:term":[{"taxonomy":"category","embeddable":true,"href":"https:\/\/eldiariodesanpedro.com.ar\/sitio\/wp-json\/wp\/v2\/categories?post=37663"},{"taxonomy":"post_tag","embeddable":true,"href":"https:\/\/eldiariodesanpedro.com.ar\/sitio\/wp-json\/wp\/v2\/tags?post=37663"}],"curies":[{"name":"wp","href":"https:\/\/api.w.org\/{rel}","templated":true}]}}