{"id":37654,"date":"2018-08-03T09:53:39","date_gmt":"2018-08-03T12:53:39","guid":{"rendered":"https:\/\/eldiariodesanpedro.com.ar\/sitio\/?p=37654"},"modified":"2018-08-03T10:53:31","modified_gmt":"2018-08-03T13:53:31","slug":"hoy-en-san-pedro-marcha-con-antorchas-por-docentes-tras-la-explosion-fatal-en-la-escuela-de-moreno","status":"publish","type":"post","link":"https:\/\/eldiariodesanpedro.com.ar\/sitio\/hoy-en-san-pedro-marcha-con-antorchas-por-docentes-tras-la-explosion-fatal-en-la-escuela-de-moreno\/","title":{"rendered":"Hoy en San Pedro, marcha con antorchas por docentes tras la explosi\u00f3n fatal en la escuela de Moreno"},"content":{"rendered":"<p><!-- VideographyWP Plugin Message: Automatic video embedding prevented by plugin options. --><br \/>\nNo tuvieron tiempo ni de entender lo que pas\u00f3: cuando la vicedirectora Sandra Calamano y el portero Rub\u00e9n Orlando Rodr\u00edguez encendieron las luces de la sala de profesores de la Escuela Primaria N\u00b0 49 de Moreno, todo vol\u00f3 por los aires. La explosi\u00f3n fue tan fuerte que rompi\u00f3 aberturas, mamposter\u00eda y sus cuerpos fueron encontrados a 30 y a 60 metros, respectivamente, del lugar del hecho. El informe preliminar de la pericia de los bomberos bonaerenses indica que el estallido habr\u00eda sido por \u00abuna probable acumulaci\u00f3n de gases en el interior\u00bb.<\/p>\n<p>Las autoridades del colegio ya hab\u00edan presentado reclamos por problemas en el edificio escolar. Es m\u00e1s, el propio subsecretario de Educaci\u00f3n provincial, Sergio Siciliano, confirm\u00f3 la existencia de esas denuncias. \u00abEsos pedidos no llegaron a la Direcci\u00f3n General de Cultura y Educaci\u00f3n, porque los fondos para reparaci\u00f3n son girados a los consejos escolares\u00bb, dijo.<\/p>\n<p>Ante el conmocionante hecho, el Frente de Unidad Docente Bonaerense, que nuclea a los sindicatos del sector, y ATE, que representa a los auxiliares, convocaron a un paro para este viernes, en reclamo de mejoras edilicias que permitan \u00abcondiciones dignas de trabajo\u00bb.<\/p>\n<p>En San Pedro, docentes y auxiliares fueron convocados a participar de una marcha de antorchas cuya concentraci\u00f3n ser\u00e1 a las 17.30 de este viernes en la esquina de Mitre y la Peatonal del Centenario.<\/p>\n","protected":false},"excerpt":{"rendered":"<p>No tuvieron tiempo ni de entender lo que pas\u00f3: cuando la vicedirectora Sandra Calamano y el portero Rub\u00e9n Orlando Rodr\u00edguez encendieron las luces de la sala de profesores de la Escuela Primaria N\u00b0 49 de Moreno, todo vol\u00f3 por los aires. La explosi\u00f3n fue tan fuerte que rompi\u00f3 aberturas, mamposter\u00eda y sus cuerpos fueron encontrados [&hellip;]<\/p>\n","protected":false},"author":4,"featured_media":37668,"comment_status":"open","ping_status":"closed","sticky":false,"template":"","format":"standard","meta":{"om_disable_all_campaigns":false,"_jetpack_memberships_contains_paid_content":false,"footnotes":""},"categories":[50,101,2],"tags":[],"class_list":["post-37654","post","type-post","status-publish","format-standard","has-post-thumbnail","hentry","category-destacadas","category-interes-general-locales","category-locales"],"aioseo_notices":[],"gutentor_comment":0,"jetpack_featured_media_url":"https:\/\/eldiariodesanpedro.com.ar\/sitio\/wp-content\/uploads\/2018\/08\/IMG_20180322_193633.jpg","jetpack_shortlink":"https:\/\/wp.me\/p6RhLt-9Nk","jetpack_sharing_enabled":true,"_links":{"self":[{"href":"https:\/\/eldiariodesanpedro.com.ar\/sitio\/wp-json\/wp\/v2\/posts\/37654","targetHints":{"allow":["GET"]}}],"collection":[{"href":"https:\/\/eldiariodesanpedro.com.ar\/sitio\/wp-json\/wp\/v2\/posts"}],"about":[{"href":"https:\/\/eldiariodesanpedro.com.ar\/sitio\/wp-json\/wp\/v2\/types\/post"}],"author":[{"embeddable":true,"href":"https:\/\/eldiariodesanpedro.com.ar\/sitio\/wp-json\/wp\/v2\/users\/4"}],"replies":[{"embeddable":true,"href":"https:\/\/eldiariodesanpedro.com.ar\/sitio\/wp-json\/wp\/v2\/comments?post=37654"}],"version-history":[{"count":1,"href":"https:\/\/eldiariodesanpedro.com.ar\/sitio\/wp-json\/wp\/v2\/posts\/37654\/revisions"}],"predecessor-version":[{"id":37656,"href":"https:\/\/eldiariodesanpedro.com.ar\/sitio\/wp-json\/wp\/v2\/posts\/37654\/revisions\/37656"}],"wp:featuredmedia":[{"embeddable":true,"href":"https:\/\/eldiariodesanpedro.com.ar\/sitio\/wp-json\/wp\/v2\/media\/37668"}],"wp:attachment":[{"href":"https:\/\/eldiariodesanpedro.com.ar\/sitio\/wp-json\/wp\/v2\/media?parent=37654"}],"wp:term":[{"taxonomy":"category","embeddable":true,"href":"https:\/\/eldiariodesanpedro.com.ar\/sitio\/wp-json\/wp\/v2\/categories?post=37654"},{"taxonomy":"post_tag","embeddable":true,"href":"https:\/\/eldiariodesanpedro.com.ar\/sitio\/wp-json\/wp\/v2\/tags?post=37654"}],"curies":[{"name":"wp","href":"https:\/\/api.w.org\/{rel}","templated":true}]}}