{"id":37653,"date":"2018-08-03T10:11:33","date_gmt":"2018-08-03T13:11:33","guid":{"rendered":"https:\/\/eldiariodesanpedro.com.ar\/sitio\/?p=37653"},"modified":"2018-08-03T10:30:00","modified_gmt":"2018-08-03T13:30:00","slug":"dos-motos-secuestradas-por-pedido-de-paradero-activo","status":"publish","type":"post","link":"https:\/\/eldiariodesanpedro.com.ar\/sitio\/dos-motos-secuestradas-por-pedido-de-paradero-activo\/","title":{"rendered":"Dos motos secuestradas por pedido de paradero activo"},"content":{"rendered":"<p><!-- VideographyWP Plugin Message: Automatic video embedding prevented by plugin options. --><br \/>\nEste jueves en el marco de  operativo de interceptacion vehicular, fueron recuperadas dos motocicletas con pedido de paradero activo; una a bordo de un menor en la localidad vecina de Rio Tala.<\/p>\n<p>El primer procedimiento fue en intersecci\u00f3n de las calles Mitre y Ayacucho de este medio, donde se procedi\u00f3  a la interceptacion de un joven de 26 a\u00f1os de edad, quien se movilizaba en una motocicleta marca Guerrero  Trip 110 cc , estableci\u00e9ndose  que la  misma posee pedido de secuestro activo por el delito de robo a solicitud de UFI N\u00b011 de San Pedro.<\/p>\n<p>El segundo se realizo en la localidad de Rio Tala cuando personal de Comisaria de nuestra ciudad en  conjunto con personal de  Polic\u00eda Vial, proceden al secuestro de otro rodado marca Zanella, modelo ZB 110 cc  con numeraci\u00f3n adulterada que era conducida por un menor de 16, oriundo de la misma ciudad; quien se puso a dispocicion de la   UFI  DEL JOVEN N\u00b01 notificandolo por el  delito y posterior  entrega a sus progenitores.-<\/p>\n","protected":false},"excerpt":{"rendered":"<p>Este jueves en el marco de operativo de interceptacion vehicular, fueron recuperadas dos motocicletas con pedido de paradero activo; una a bordo de un menor en la localidad vecina de Rio Tala. El primer procedimiento fue en intersecci\u00f3n de las calles Mitre y Ayacucho de este medio, donde se procedi\u00f3 a la interceptacion de un [&hellip;]<\/p>\n","protected":false},"author":4,"featured_media":19654,"comment_status":"open","ping_status":"closed","sticky":false,"template":"","format":"standard","meta":{"om_disable_all_campaigns":false,"_jetpack_memberships_contains_paid_content":false,"footnotes":""},"categories":[2,103],"tags":[],"class_list":["post-37653","post","type-post","status-publish","format-standard","has-post-thumbnail","hentry","category-locales","category-policiales-locales"],"aioseo_notices":[],"gutentor_comment":0,"jetpack_featured_media_url":"https:\/\/eldiariodesanpedro.com.ar\/sitio\/wp-content\/uploads\/2017\/06\/moto-e1497271939906.jpg","jetpack_shortlink":"https:\/\/wp.me\/p6RhLt-9Nj","jetpack_sharing_enabled":true,"_links":{"self":[{"href":"https:\/\/eldiariodesanpedro.com.ar\/sitio\/wp-json\/wp\/v2\/posts\/37653","targetHints":{"allow":["GET"]}}],"collection":[{"href":"https:\/\/eldiariodesanpedro.com.ar\/sitio\/wp-json\/wp\/v2\/posts"}],"about":[{"href":"https:\/\/eldiariodesanpedro.com.ar\/sitio\/wp-json\/wp\/v2\/types\/post"}],"author":[{"embeddable":true,"href":"https:\/\/eldiariodesanpedro.com.ar\/sitio\/wp-json\/wp\/v2\/users\/4"}],"replies":[{"embeddable":true,"href":"https:\/\/eldiariodesanpedro.com.ar\/sitio\/wp-json\/wp\/v2\/comments?post=37653"}],"version-history":[{"count":3,"href":"https:\/\/eldiariodesanpedro.com.ar\/sitio\/wp-json\/wp\/v2\/posts\/37653\/revisions"}],"predecessor-version":[{"id":37662,"href":"https:\/\/eldiariodesanpedro.com.ar\/sitio\/wp-json\/wp\/v2\/posts\/37653\/revisions\/37662"}],"wp:featuredmedia":[{"embeddable":true,"href":"https:\/\/eldiariodesanpedro.com.ar\/sitio\/wp-json\/wp\/v2\/media\/19654"}],"wp:attachment":[{"href":"https:\/\/eldiariodesanpedro.com.ar\/sitio\/wp-json\/wp\/v2\/media?parent=37653"}],"wp:term":[{"taxonomy":"category","embeddable":true,"href":"https:\/\/eldiariodesanpedro.com.ar\/sitio\/wp-json\/wp\/v2\/categories?post=37653"},{"taxonomy":"post_tag","embeddable":true,"href":"https:\/\/eldiariodesanpedro.com.ar\/sitio\/wp-json\/wp\/v2\/tags?post=37653"}],"curies":[{"name":"wp","href":"https:\/\/api.w.org\/{rel}","templated":true}]}}