{"id":37651,"date":"2018-08-03T08:55:55","date_gmt":"2018-08-03T11:55:55","guid":{"rendered":"https:\/\/eldiariodesanpedro.com.ar\/sitio\/?p=37651"},"modified":"2018-08-03T10:43:15","modified_gmt":"2018-08-03T13:43:15","slug":"menor-retenido-por-vecinos-luego-de-robar-en-un-auto","status":"publish","type":"post","link":"https:\/\/eldiariodesanpedro.com.ar\/sitio\/menor-retenido-por-vecinos-luego-de-robar-en-un-auto\/","title":{"rendered":"Un menor golpeado tras robar una billetera"},"content":{"rendered":"<p><!-- VideographyWP Plugin Message: Automatic video embedding prevented by plugin options. --><br \/>\nEste jueves por la tarde, en intersecci\u00f3n de calle Irlanda al 300 conjuntamente polic\u00eda local y efectivos de la Comisar\u00eda, proceden a la aprehensi\u00f3n de un menor de 14 a\u00f1os que estaba siendo retenido por vecinos y v\u00edctima del hecho delictivo que habr\u00eda cometido.<\/p>\n<p>ALrededor de las 13 hs el menor sustrajo una billetera que se encontraba en el interior de un autom\u00f3vil que estaba estacionado en intersecci\u00f3n de calle Mitre y Cucit.<\/p>\n<p>El peque\u00f1o delincuente fue golpeado por dos mayores de edad en la esquina de Beaumont y Mitre recuperando lo robado y dejando gravemente herido al menor quien luego se da a la fuga y fue aprehendido por la polic\u00eda en calle Irlanda.<\/p>\n<p>El adolescente fue trasladado al nosocomio local por lesiones sufridas a causa del hecho delictivo al momento de emprender fuga y puesto en conocimiento con la  UFI del joven 1 San Nicol\u00e1s, donde dispone notificaci\u00f3n de la causa y posterior entrega a progenitores.  <\/p>\n<p>La ambulancia del SAME cuando se dirig\u00eda al lugar de la aprehensi\u00f3n del menor sufri\u00f3 un accidente de tr\u00e1nsito en calle Salta e Irlanda por lo que debi\u00f3 presentarse otra ambulancia.<\/p>\n<p>En horas de la tarde alrededor de las 18 hs dos ciudadano mayor de edad familiar del ni\u00f1o golpeado a bordo veh\u00edculo Volkswagen FOX, se hace presente en frente del comercio \u00abSP46\u00bb quienes se dedican a la venta de motocicletas que se encuentra en la esquina donde sucedi\u00f3 el robo y quienes hab\u00edan golpeado al menor, el conductor mediante utilizaci\u00f3n elemento contundente ocasiona da\u00f1os y destrozos de cristales vidriera de local, continuando ambos sujetos refiriendo amenazas de muerte verbales a el joven que se encontraba en ese momento hijo del propietario adema de intentar  atropellarlo con rodado descrito y luego retir\u00e1ndose del lugar. <\/p>\n","protected":false},"excerpt":{"rendered":"<p>Este jueves por la tarde, en intersecci\u00f3n de calle Irlanda al 300 conjuntamente polic\u00eda local y efectivos de la Comisar\u00eda, proceden a la aprehensi\u00f3n de un menor de 14 a\u00f1os que estaba siendo retenido por vecinos y v\u00edctima del hecho delictivo que habr\u00eda cometido. ALrededor de las 13 hs el menor sustrajo una billetera que [&hellip;]<\/p>\n","protected":false},"author":4,"featured_media":37665,"comment_status":"open","ping_status":"closed","sticky":false,"template":"","format":"standard","meta":{"om_disable_all_campaigns":false,"_jetpack_memberships_contains_paid_content":false,"footnotes":""},"categories":[50,2,103],"tags":[],"class_list":["post-37651","post","type-post","status-publish","format-standard","has-post-thumbnail","hentry","category-destacadas","category-locales","category-policiales-locales"],"aioseo_notices":[],"gutentor_comment":0,"jetpack_featured_media_url":"https:\/\/eldiariodesanpedro.com.ar\/sitio\/wp-content\/uploads\/2018\/08\/2018-08-03.png","jetpack_shortlink":"https:\/\/wp.me\/p6RhLt-9Nh","jetpack_sharing_enabled":true,"_links":{"self":[{"href":"https:\/\/eldiariodesanpedro.com.ar\/sitio\/wp-json\/wp\/v2\/posts\/37651","targetHints":{"allow":["GET"]}}],"collection":[{"href":"https:\/\/eldiariodesanpedro.com.ar\/sitio\/wp-json\/wp\/v2\/posts"}],"about":[{"href":"https:\/\/eldiariodesanpedro.com.ar\/sitio\/wp-json\/wp\/v2\/types\/post"}],"author":[{"embeddable":true,"href":"https:\/\/eldiariodesanpedro.com.ar\/sitio\/wp-json\/wp\/v2\/users\/4"}],"replies":[{"embeddable":true,"href":"https:\/\/eldiariodesanpedro.com.ar\/sitio\/wp-json\/wp\/v2\/comments?post=37651"}],"version-history":[{"count":3,"href":"https:\/\/eldiariodesanpedro.com.ar\/sitio\/wp-json\/wp\/v2\/posts\/37651\/revisions"}],"predecessor-version":[{"id":37666,"href":"https:\/\/eldiariodesanpedro.com.ar\/sitio\/wp-json\/wp\/v2\/posts\/37651\/revisions\/37666"}],"wp:featuredmedia":[{"embeddable":true,"href":"https:\/\/eldiariodesanpedro.com.ar\/sitio\/wp-json\/wp\/v2\/media\/37665"}],"wp:attachment":[{"href":"https:\/\/eldiariodesanpedro.com.ar\/sitio\/wp-json\/wp\/v2\/media?parent=37651"}],"wp:term":[{"taxonomy":"category","embeddable":true,"href":"https:\/\/eldiariodesanpedro.com.ar\/sitio\/wp-json\/wp\/v2\/categories?post=37651"},{"taxonomy":"post_tag","embeddable":true,"href":"https:\/\/eldiariodesanpedro.com.ar\/sitio\/wp-json\/wp\/v2\/tags?post=37651"}],"curies":[{"name":"wp","href":"https:\/\/api.w.org\/{rel}","templated":true}]}}