{"id":37646,"date":"2018-08-02T21:14:31","date_gmt":"2018-08-03T00:14:31","guid":{"rendered":"https:\/\/eldiariodesanpedro.com.ar\/sitio\/?p=37646"},"modified":"2026-01-24T00:11:19","modified_gmt":"2026-01-24T03:11:19","slug":"basquet-nautico-y-la-ilusion-del-ascenso","status":"publish","type":"post","link":"https:\/\/eldiariodesanpedro.com.ar\/sitio\/basquet-nautico-y-la-ilusion-del-ascenso\/","title":{"rendered":"B\u00c1SQUET: N\u00e1utico y la ilusi\u00f3n del ascenso"},"content":{"rendered":"<p><!-- VideographyWP Plugin Message: Automatic video embedding prevented by plugin options. --><br \/>\nEl fin de semana del 11 y 12 agosto se jugar\u00e1n las finales por el ascenso de la ABZC en la localidad de Gral. Rodr\u00edguez donde participan los cuatro clasificados: N\u00e1utico Z\u00e1rate, Honor y Patria, N\u00e1utico San Pedro y Porte\u00f1o, el local.<\/p>\n<p><strong>U15 en la final<\/strong><br \/>\n  Por el Provincial de clubes, Fase Regional, se jug\u00f3 la semifinal revancha con triunfo de N\u00e1utico 63 &#8211; Club Arenal 46. Con este resultado los \u00abcelestes\u00bb se meten en la final.<\/p>\n<p><strong>Mitre-Sacachispas<\/strong><br \/>\n  Por el certamen de la nicole\u00f1a comienza el segundo torneo del a\u00f1o, siendo local Mitre con todas las divisiones ante Sacachispas de V. Constituci\u00f3n.<br \/>\n  Cebollitas y Premini (11:00 horas), Mini (12:00), U 13 (13:00), U 15 (14:30), U 17 (16:00) y U 19 (17:30).<\/p>\n<p>  Los \u00abLibres\u00bb (primera divisi\u00f3n), Torneo de UTN, en principio jugaban el domingo en el gimnasio del rojo la jornada completa (Campana Boat Club &#8211; Belgrano, UTN &#8211; El Rejunte y Mitre ante Los Celestes), pero fue postergado.<\/p>\n","protected":false},"excerpt":{"rendered":"<p>El fin de semana del 11 y 12 agosto se jugar\u00e1n las finales por el ascenso de la ABZC en la localidad de Gral. Rodr\u00edguez donde participan los cuatro clasificados: N\u00e1utico Z\u00e1rate, Honor y Patria, N\u00e1utico San Pedro y Porte\u00f1o, el local. U15 en la final Por el Provincial de clubes, Fase Regional, se jug\u00f3 [&hellip;]<\/p>\n","protected":false},"author":4,"featured_media":35976,"comment_status":"open","ping_status":"closed","sticky":false,"template":"","format":"standard","meta":{"om_disable_all_campaigns":false,"_jetpack_memberships_contains_paid_content":false,"footnotes":""},"categories":[5],"tags":[],"class_list":["post-37646","post","type-post","status-publish","format-standard","has-post-thumbnail","hentry","category-deportes"],"aioseo_notices":[],"gutentor_comment":0,"jetpack_featured_media_url":"https:\/\/eldiariodesanpedro.com.ar\/sitio\/wp-content\/uploads\/2018\/07\/basquet-2.jpg","jetpack_shortlink":"https:\/\/wp.me\/p6RhLt-9Nc","jetpack_sharing_enabled":true,"_links":{"self":[{"href":"https:\/\/eldiariodesanpedro.com.ar\/sitio\/wp-json\/wp\/v2\/posts\/37646","targetHints":{"allow":["GET"]}}],"collection":[{"href":"https:\/\/eldiariodesanpedro.com.ar\/sitio\/wp-json\/wp\/v2\/posts"}],"about":[{"href":"https:\/\/eldiariodesanpedro.com.ar\/sitio\/wp-json\/wp\/v2\/types\/post"}],"author":[{"embeddable":true,"href":"https:\/\/eldiariodesanpedro.com.ar\/sitio\/wp-json\/wp\/v2\/users\/4"}],"replies":[{"embeddable":true,"href":"https:\/\/eldiariodesanpedro.com.ar\/sitio\/wp-json\/wp\/v2\/comments?post=37646"}],"version-history":[{"count":2,"href":"https:\/\/eldiariodesanpedro.com.ar\/sitio\/wp-json\/wp\/v2\/posts\/37646\/revisions"}],"predecessor-version":[{"id":37649,"href":"https:\/\/eldiariodesanpedro.com.ar\/sitio\/wp-json\/wp\/v2\/posts\/37646\/revisions\/37649"}],"wp:featuredmedia":[{"embeddable":true,"href":"https:\/\/eldiariodesanpedro.com.ar\/sitio\/wp-json\/wp\/v2\/media\/35976"}],"wp:attachment":[{"href":"https:\/\/eldiariodesanpedro.com.ar\/sitio\/wp-json\/wp\/v2\/media?parent=37646"}],"wp:term":[{"taxonomy":"category","embeddable":true,"href":"https:\/\/eldiariodesanpedro.com.ar\/sitio\/wp-json\/wp\/v2\/categories?post=37646"},{"taxonomy":"post_tag","embeddable":true,"href":"https:\/\/eldiariodesanpedro.com.ar\/sitio\/wp-json\/wp\/v2\/tags?post=37646"}],"curies":[{"name":"wp","href":"https:\/\/api.w.org\/{rel}","templated":true}]}}