{"id":37641,"date":"2018-08-02T21:05:22","date_gmt":"2018-08-03T00:05:22","guid":{"rendered":"https:\/\/eldiariodesanpedro.com.ar\/sitio\/?p=37641"},"modified":"2026-01-24T00:11:19","modified_gmt":"2026-01-24T03:11:19","slug":"federal-a-defensores-de-v-ramallo-y-douglas-de-pergamino-en-la-misma-zona","status":"publish","type":"post","link":"https:\/\/eldiariodesanpedro.com.ar\/sitio\/federal-a-defensores-de-v-ramallo-y-douglas-de-pergamino-en-la-misma-zona\/","title":{"rendered":"FEDERAL A: Defensores de V. Ramallo y Douglas de Pergamino en la misma zona"},"content":{"rendered":"<p><!-- VideographyWP Plugin Message: Automatic video embedding prevented by plugin options. --><br \/>\n  Con nuevo formato el Torneo Federal \u201cA\u201d ya tiene fecha de inicio y las zonas que componen 9 equipos en 4 zonas, 4 ascensos y una promoci\u00f3n. Def. de Belgrano y Douglas en zona 2.<br \/>\n  La p\u00e1gina ascensodelinterior.com.ar, dio la novedad del nuevo campeonato, se juega en cuatro zonas de nueve equipos, todos reunidos por cercan\u00eda geogr\u00e1fica.<\/p>\n<p><strong>Zona 1<\/strong><br \/>\nAlvarado (Mar del Plata), Cipolletti (R\u00edo Negro), Deportivo Madryn, Deportivo Roca (Gral. Roca), Ferro (General Pico), Independiente (Neuqu\u00e9n), Sansinena (Bah\u00eda Blanca), Sol de Mayo (Viedma), Villa Mitre (Bah\u00eda Blanca).<\/p>\n<p><strong>Zona 2<\/strong><br \/>\nCamioneros (Luj\u00e1n), Douglas Haig (Pergamino), Defensores de Belgrano (Villa Ramallo), Juventud Unida (Gualeguaych\u00fa), Gimnasia (Concepci\u00f3n del Uruguay), Defensores de Pronunciamiento (Entre R\u00edos), Atl\u00e9tico Paran\u00e1, Sportivo (Las Parejas) y Uni\u00f3n (Sunchales).<\/p>\n<p><strong>Zona 3<\/strong><br \/>\nDeportivo Maip\u00fa (Mza), Hurac\u00e1n Las Heras (Mza), Desamparados (San Juan), Juventud Unida (San Luis), Estudiantes (San Luis), Racing (C\u00f3rdoba), Sportivo Belgrano (San Francisco), Estudiantes (R\u00edo Cuarto), San Lorenzo de Al\u00e9m (Catamarca).<\/p>\n<p><strong>Zona 4<\/strong><br \/>\nAltos Hornos Zapla (Palpal\u00e1, Jujuy), Gimnasia y Tiro (Salta), Juventud Antoniana (Salta), San Jorge (Tucum\u00e1n), San Mart\u00edn (Formosa), Crucero del Norte (Garup\u00e1; Misiones), Chaco For Ever, Boca Unidos (Corrientes), Sarmiento (Resistencia, Chaco).<\/p>\n","protected":false},"excerpt":{"rendered":"<p>Con nuevo formato el Torneo Federal \u201cA\u201d ya tiene fecha de inicio y las zonas que componen 9 equipos en 4 zonas, 4 ascensos y una promoci\u00f3n. Def. de Belgrano y Douglas en zona 2. La p\u00e1gina ascensodelinterior.com.ar, dio la novedad del nuevo campeonato, se juega en cuatro zonas de nueve equipos, todos reunidos por [&hellip;]<\/p>\n","protected":false},"author":4,"featured_media":20147,"comment_status":"open","ping_status":"closed","sticky":false,"template":"","format":"standard","meta":{"om_disable_all_campaigns":false,"_jetpack_memberships_contains_paid_content":false,"footnotes":""},"categories":[5],"tags":[],"class_list":["post-37641","post","type-post","status-publish","format-standard","has-post-thumbnail","hentry","category-deportes"],"aioseo_notices":[],"gutentor_comment":0,"jetpack_featured_media_url":"https:\/\/eldiariodesanpedro.com.ar\/sitio\/wp-content\/uploads\/2017\/06\/futbol-gol.jpg","jetpack_shortlink":"https:\/\/wp.me\/p6RhLt-9N7","jetpack_sharing_enabled":true,"_links":{"self":[{"href":"https:\/\/eldiariodesanpedro.com.ar\/sitio\/wp-json\/wp\/v2\/posts\/37641","targetHints":{"allow":["GET"]}}],"collection":[{"href":"https:\/\/eldiariodesanpedro.com.ar\/sitio\/wp-json\/wp\/v2\/posts"}],"about":[{"href":"https:\/\/eldiariodesanpedro.com.ar\/sitio\/wp-json\/wp\/v2\/types\/post"}],"author":[{"embeddable":true,"href":"https:\/\/eldiariodesanpedro.com.ar\/sitio\/wp-json\/wp\/v2\/users\/4"}],"replies":[{"embeddable":true,"href":"https:\/\/eldiariodesanpedro.com.ar\/sitio\/wp-json\/wp\/v2\/comments?post=37641"}],"version-history":[{"count":2,"href":"https:\/\/eldiariodesanpedro.com.ar\/sitio\/wp-json\/wp\/v2\/posts\/37641\/revisions"}],"predecessor-version":[{"id":37644,"href":"https:\/\/eldiariodesanpedro.com.ar\/sitio\/wp-json\/wp\/v2\/posts\/37641\/revisions\/37644"}],"wp:featuredmedia":[{"embeddable":true,"href":"https:\/\/eldiariodesanpedro.com.ar\/sitio\/wp-json\/wp\/v2\/media\/20147"}],"wp:attachment":[{"href":"https:\/\/eldiariodesanpedro.com.ar\/sitio\/wp-json\/wp\/v2\/media?parent=37641"}],"wp:term":[{"taxonomy":"category","embeddable":true,"href":"https:\/\/eldiariodesanpedro.com.ar\/sitio\/wp-json\/wp\/v2\/categories?post=37641"},{"taxonomy":"post_tag","embeddable":true,"href":"https:\/\/eldiariodesanpedro.com.ar\/sitio\/wp-json\/wp\/v2\/tags?post=37641"}],"curies":[{"name":"wp","href":"https:\/\/api.w.org\/{rel}","templated":true}]}}