{"id":37638,"date":"2018-08-02T21:05:00","date_gmt":"2018-08-03T00:05:00","guid":{"rendered":"https:\/\/eldiariodesanpedro.com.ar\/sitio\/?p=37638"},"modified":"2026-01-24T00:11:19","modified_gmt":"2026-01-24T03:11:19","slug":"futbol-internacional-ii-tomas-oneto-a-la-espera-del-debut-oficial-en-croacia","status":"publish","type":"post","link":"https:\/\/eldiariodesanpedro.com.ar\/sitio\/futbol-internacional-ii-tomas-oneto-a-la-espera-del-debut-oficial-en-croacia\/","title":{"rendered":"F\u00daTBOL INTERNACIONAL II: Tom\u00e1s Oneto a la espera del debut oficial en Croacia"},"content":{"rendered":"<p><!-- VideographyWP Plugin Message: Automatic video embedding prevented by plugin options. --><br \/>\n  El sampedrino que partiera rumbo a Croacia para seguir su carrera futbol\u00edstica, a pr\u00e9stamo de Talleres de C\u00f3rdoba, ya disput\u00f3 amistosos y en breve debutar\u00e1 en el campeonato. Fue presentado oficialmente. Varias incorporaciones realiz\u00f3 el NK Istra 1961. <\/p>\n<p>  El equipo viene de igualar con Slaven koprivnica 1-1 y el pr\u00f3ximo rival, Dinamo Zagrieb el viernes 3 de agosto.<br \/>\n  El Grupo Baskonia-Alav\u00e9s (Espa\u00f1a) se ha hecho con la propiedad del club croata de f\u00fatbol NK Istra 1961 al adquirir el 85 por ciento de sus acciones.<\/p>\n<p>  El NK Istra fue fundado hace 70 a\u00f1os, en 1948, en la ciudad de Pula (Croacia) y actualmente cuenta con un equipo en la HNL, la Primera Divisi\u00f3n del pa\u00eds croata, adem\u00e1s de una estructura de f\u00fatbol base con once equipos, dos de ellos femeninos.<\/p>\n<p>  Su estadio tiene una capacidad para 9500 espectadores y una trabajada escuela de f\u00fatbol que permitir\u00e1 al Grupo Baskonia-Alav\u00e9s ampliar su red de seguimiento de jugadores en esa zona. <\/p>\n","protected":false},"excerpt":{"rendered":"<p>El sampedrino que partiera rumbo a Croacia para seguir su carrera futbol\u00edstica, a pr\u00e9stamo de Talleres de C\u00f3rdoba, ya disput\u00f3 amistosos y en breve debutar\u00e1 en el campeonato. Fue presentado oficialmente. Varias incorporaciones realiz\u00f3 el NK Istra 1961. El equipo viene de igualar con Slaven koprivnica 1-1 y el pr\u00f3ximo rival, Dinamo Zagrieb el viernes [&hellip;]<\/p>\n","protected":false},"author":4,"featured_media":37640,"comment_status":"open","ping_status":"closed","sticky":false,"template":"","format":"standard","meta":{"om_disable_all_campaigns":false,"_jetpack_memberships_contains_paid_content":false,"footnotes":""},"categories":[5],"tags":[],"class_list":["post-37638","post","type-post","status-publish","format-standard","has-post-thumbnail","hentry","category-deportes"],"aioseo_notices":[],"gutentor_comment":0,"jetpack_featured_media_url":"https:\/\/eldiariodesanpedro.com.ar\/sitio\/wp-content\/uploads\/2018\/08\/Tomas_Oneto_2018.jpg","jetpack_shortlink":"https:\/\/wp.me\/p6RhLt-9N4","jetpack_sharing_enabled":true,"_links":{"self":[{"href":"https:\/\/eldiariodesanpedro.com.ar\/sitio\/wp-json\/wp\/v2\/posts\/37638","targetHints":{"allow":["GET"]}}],"collection":[{"href":"https:\/\/eldiariodesanpedro.com.ar\/sitio\/wp-json\/wp\/v2\/posts"}],"about":[{"href":"https:\/\/eldiariodesanpedro.com.ar\/sitio\/wp-json\/wp\/v2\/types\/post"}],"author":[{"embeddable":true,"href":"https:\/\/eldiariodesanpedro.com.ar\/sitio\/wp-json\/wp\/v2\/users\/4"}],"replies":[{"embeddable":true,"href":"https:\/\/eldiariodesanpedro.com.ar\/sitio\/wp-json\/wp\/v2\/comments?post=37638"}],"version-history":[{"count":1,"href":"https:\/\/eldiariodesanpedro.com.ar\/sitio\/wp-json\/wp\/v2\/posts\/37638\/revisions"}],"predecessor-version":[{"id":37642,"href":"https:\/\/eldiariodesanpedro.com.ar\/sitio\/wp-json\/wp\/v2\/posts\/37638\/revisions\/37642"}],"wp:featuredmedia":[{"embeddable":true,"href":"https:\/\/eldiariodesanpedro.com.ar\/sitio\/wp-json\/wp\/v2\/media\/37640"}],"wp:attachment":[{"href":"https:\/\/eldiariodesanpedro.com.ar\/sitio\/wp-json\/wp\/v2\/media?parent=37638"}],"wp:term":[{"taxonomy":"category","embeddable":true,"href":"https:\/\/eldiariodesanpedro.com.ar\/sitio\/wp-json\/wp\/v2\/categories?post=37638"},{"taxonomy":"post_tag","embeddable":true,"href":"https:\/\/eldiariodesanpedro.com.ar\/sitio\/wp-json\/wp\/v2\/tags?post=37638"}],"curies":[{"name":"wp","href":"https:\/\/api.w.org\/{rel}","templated":true}]}}