{"id":37635,"date":"2018-08-02T20:55:46","date_gmt":"2018-08-02T23:55:46","guid":{"rendered":"https:\/\/eldiariodesanpedro.com.ar\/sitio\/?p=37635"},"modified":"2026-01-24T00:11:19","modified_gmt":"2026-01-24T03:11:19","slug":"futbol-internacional-i-iago-borjes-jugara-en-el-futbol-italiano","status":"publish","type":"post","link":"https:\/\/eldiariodesanpedro.com.ar\/sitio\/futbol-internacional-i-iago-borjes-jugara-en-el-futbol-italiano\/","title":{"rendered":"F\u00daTBOL INTERNACIONAL I: Iago Borjes jugar\u00e1 en el f\u00fatbol italiano"},"content":{"rendered":"<p><!-- VideographyWP Plugin Message: Automatic video embedding prevented by plugin options. --><br \/>\nViaj\u00f3 Iago Borjes a Italia para sumarse al Melfi que compite en la Serie Eccelenza. El contacto lo llev\u00f3 adelante su representante, tambi\u00e9n sampedrino, Claudio T\u00f3folo, quien en di\u00e1logo con nuestro medio confirm\u00f3 la informaci\u00f3n. <\/p>\n<p>  Borjes de 20 a\u00f1os, nacido el 30 de julio de 1998, tambi\u00e9n estuvo en prueba en el f\u00fatbol Hungr\u00eda, regres\u00f3 para firmar en Def. de Belgrano de Villa Ramallo donde no jug\u00f3 ya que fue a pr\u00e9stamo a Atl\u00e9tico y, ahora, cuando se preparaba para disputar el certamen local, sali\u00f3 esta chance de viajar a Italia.   <\/p>\n<p>  El ex jugador de varios clubes locales, entre otros Paran\u00e1, Mitre y Atl\u00e9tico Baradero, adem\u00e1s de All Boys y Douglas de Pergamino donde hizo su debut en la B Nacional, va a tener de compa\u00f1ero a Maximiliano Mirabet, 36 a\u00f1os, oriundo de Rojas y ex All Boys y; Santiago Morning de Chile que hace varias temporadas juega en Italia dirigido por Mariano Astudillo, tambi\u00e9n argentino de 41 a\u00f1os, de Rosario que, har\u00e1 su debut como entrenador.<\/p>\n<p>  La Associazione Sportiva Melfi fue fundado en 1929, jug\u00f3 la Copa Italia en 1992, en el a\u00f1o 2003 ascendi\u00f3 a la Serie C2,1 donde han jugado desde entonces, hasta el momento de la reestructuraci\u00f3n de la Serie C2 a Lega Pro Seconda Divisione. En 2014 ascendi\u00f3 a la tercera divisi\u00f3n italiana, la Lega Pro.<\/p>\n<p>  Melfi es una comuna en el \u00e1rea Vulture de la provincia de Potenza, en la regi\u00f3n italiana meridional de Basilicata.<\/p>\n","protected":false},"excerpt":{"rendered":"<p>Viaj\u00f3 Iago Borjes a Italia para sumarse al Melfi que compite en la Serie Eccelenza. El contacto lo llev\u00f3 adelante su representante, tambi\u00e9n sampedrino, Claudio T\u00f3folo, quien en di\u00e1logo con nuestro medio confirm\u00f3 la informaci\u00f3n. Borjes de 20 a\u00f1os, nacido el 30 de julio de 1998, tambi\u00e9n estuvo en prueba en el f\u00fatbol Hungr\u00eda, regres\u00f3 [&hellip;]<\/p>\n","protected":false},"author":4,"featured_media":37637,"comment_status":"open","ping_status":"closed","sticky":false,"template":"","format":"standard","meta":{"om_disable_all_campaigns":false,"_jetpack_memberships_contains_paid_content":false,"footnotes":""},"categories":[5],"tags":[],"class_list":["post-37635","post","type-post","status-publish","format-standard","has-post-thumbnail","hentry","category-deportes"],"aioseo_notices":[],"gutentor_comment":0,"jetpack_featured_media_url":"https:\/\/eldiariodesanpedro.com.ar\/sitio\/wp-content\/uploads\/2018\/08\/Iago-Borjes-jugar\u00e1-en-el-f\u00fatbol-italiano.jpeg","jetpack_shortlink":"https:\/\/wp.me\/p6RhLt-9N1","jetpack_sharing_enabled":true,"_links":{"self":[{"href":"https:\/\/eldiariodesanpedro.com.ar\/sitio\/wp-json\/wp\/v2\/posts\/37635","targetHints":{"allow":["GET"]}}],"collection":[{"href":"https:\/\/eldiariodesanpedro.com.ar\/sitio\/wp-json\/wp\/v2\/posts"}],"about":[{"href":"https:\/\/eldiariodesanpedro.com.ar\/sitio\/wp-json\/wp\/v2\/types\/post"}],"author":[{"embeddable":true,"href":"https:\/\/eldiariodesanpedro.com.ar\/sitio\/wp-json\/wp\/v2\/users\/4"}],"replies":[{"embeddable":true,"href":"https:\/\/eldiariodesanpedro.com.ar\/sitio\/wp-json\/wp\/v2\/comments?post=37635"}],"version-history":[{"count":1,"href":"https:\/\/eldiariodesanpedro.com.ar\/sitio\/wp-json\/wp\/v2\/posts\/37635\/revisions"}],"predecessor-version":[{"id":37639,"href":"https:\/\/eldiariodesanpedro.com.ar\/sitio\/wp-json\/wp\/v2\/posts\/37635\/revisions\/37639"}],"wp:featuredmedia":[{"embeddable":true,"href":"https:\/\/eldiariodesanpedro.com.ar\/sitio\/wp-json\/wp\/v2\/media\/37637"}],"wp:attachment":[{"href":"https:\/\/eldiariodesanpedro.com.ar\/sitio\/wp-json\/wp\/v2\/media?parent=37635"}],"wp:term":[{"taxonomy":"category","embeddable":true,"href":"https:\/\/eldiariodesanpedro.com.ar\/sitio\/wp-json\/wp\/v2\/categories?post=37635"},{"taxonomy":"post_tag","embeddable":true,"href":"https:\/\/eldiariodesanpedro.com.ar\/sitio\/wp-json\/wp\/v2\/tags?post=37635"}],"curies":[{"name":"wp","href":"https:\/\/api.w.org\/{rel}","templated":true}]}}