{"id":37632,"date":"2018-08-02T20:51:28","date_gmt":"2018-08-02T23:51:28","guid":{"rendered":"https:\/\/eldiariodesanpedro.com.ar\/sitio\/?p=37632"},"modified":"2026-01-24T00:11:20","modified_gmt":"2026-01-24T03:11:20","slug":"atletismo-clases-de-entrenamiento-funcional-gratuitas-en-el-paseo-publico-con-el-ex-atleta-raul-llusa","status":"publish","type":"post","link":"https:\/\/eldiariodesanpedro.com.ar\/sitio\/atletismo-clases-de-entrenamiento-funcional-gratuitas-en-el-paseo-publico-con-el-ex-atleta-raul-llusa\/","title":{"rendered":"ATLETISMO: Clases de entrenamiento funcional gratuitas en el Paseo P\u00fablico con el ex atleta Ra\u00fal Llus\u00e1"},"content":{"rendered":"<p><!-- VideographyWP Plugin Message: Automatic video embedding prevented by plugin options. --><br \/>\nEl lunes 1 de agosto comenzaron las clases de entrenamiento funcional y running en el paseo P\u00fablico Municipal.<\/p>\n<p>  Esta iniciativa de la Direcci\u00f3n de Deportes propone clases de dos turnos tres veces a la semana.<br \/>\n  El entrenador que desarrollar\u00e1 las clases es Ra\u00fal Llus\u00e1 y las mismas ser\u00e1n los d\u00edas lunes, mi\u00e9rcoles y viernes de 14:30 y 19 hs.<\/p>\n<p>  Los interesados en inscribirse deber\u00e1n concurrir a la clase y all\u00ed se proceder\u00e1 a la inscripci\u00f3n. Para m\u00e1s informaci\u00f3n comunicarse con la Direcci\u00f3n de Deportes al tel\u00e9fono 428-848 o por correo electr\u00f3nico a deportes@sanpedro.gob.ar.<\/p>\n","protected":false},"excerpt":{"rendered":"<p>El lunes 1 de agosto comenzaron las clases de entrenamiento funcional y running en el paseo P\u00fablico Municipal. Esta iniciativa de la Direcci\u00f3n de Deportes propone clases de dos turnos tres veces a la semana. El entrenador que desarrollar\u00e1 las clases es Ra\u00fal Llus\u00e1 y las mismas ser\u00e1n los d\u00edas lunes, mi\u00e9rcoles y viernes de [&hellip;]<\/p>\n","protected":false},"author":4,"featured_media":22998,"comment_status":"open","ping_status":"closed","sticky":false,"template":"","format":"standard","meta":{"om_disable_all_campaigns":false,"_jetpack_memberships_contains_paid_content":false,"footnotes":""},"categories":[5],"tags":[],"class_list":["post-37632","post","type-post","status-publish","format-standard","has-post-thumbnail","hentry","category-deportes"],"aioseo_notices":[],"gutentor_comment":0,"jetpack_featured_media_url":"https:\/\/eldiariodesanpedro.com.ar\/sitio\/wp-content\/uploads\/2017\/09\/maraton-atletismo.jpg","jetpack_shortlink":"https:\/\/wp.me\/p6RhLt-9MY","jetpack_sharing_enabled":true,"_links":{"self":[{"href":"https:\/\/eldiariodesanpedro.com.ar\/sitio\/wp-json\/wp\/v2\/posts\/37632","targetHints":{"allow":["GET"]}}],"collection":[{"href":"https:\/\/eldiariodesanpedro.com.ar\/sitio\/wp-json\/wp\/v2\/posts"}],"about":[{"href":"https:\/\/eldiariodesanpedro.com.ar\/sitio\/wp-json\/wp\/v2\/types\/post"}],"author":[{"embeddable":true,"href":"https:\/\/eldiariodesanpedro.com.ar\/sitio\/wp-json\/wp\/v2\/users\/4"}],"replies":[{"embeddable":true,"href":"https:\/\/eldiariodesanpedro.com.ar\/sitio\/wp-json\/wp\/v2\/comments?post=37632"}],"version-history":[{"count":1,"href":"https:\/\/eldiariodesanpedro.com.ar\/sitio\/wp-json\/wp\/v2\/posts\/37632\/revisions"}],"predecessor-version":[{"id":37636,"href":"https:\/\/eldiariodesanpedro.com.ar\/sitio\/wp-json\/wp\/v2\/posts\/37632\/revisions\/37636"}],"wp:featuredmedia":[{"embeddable":true,"href":"https:\/\/eldiariodesanpedro.com.ar\/sitio\/wp-json\/wp\/v2\/media\/22998"}],"wp:attachment":[{"href":"https:\/\/eldiariodesanpedro.com.ar\/sitio\/wp-json\/wp\/v2\/media?parent=37632"}],"wp:term":[{"taxonomy":"category","embeddable":true,"href":"https:\/\/eldiariodesanpedro.com.ar\/sitio\/wp-json\/wp\/v2\/categories?post=37632"},{"taxonomy":"post_tag","embeddable":true,"href":"https:\/\/eldiariodesanpedro.com.ar\/sitio\/wp-json\/wp\/v2\/tags?post=37632"}],"curies":[{"name":"wp","href":"https:\/\/api.w.org\/{rel}","templated":true}]}}