{"id":37631,"date":"2018-08-02T20:47:13","date_gmt":"2018-08-02T23:47:13","guid":{"rendered":"https:\/\/eldiariodesanpedro.com.ar\/sitio\/?p=37631"},"modified":"2018-08-02T20:47:13","modified_gmt":"2018-08-02T23:47:13","slug":"bomberos-sampedrinos-participaron-del-reclamo-en-el-congreso","status":"publish","type":"post","link":"https:\/\/eldiariodesanpedro.com.ar\/sitio\/bomberos-sampedrinos-participaron-del-reclamo-en-el-congreso\/","title":{"rendered":"Bomberos sampedrinos participaron del reclamo en el Congreso"},"content":{"rendered":"<p><!-- VideographyWP Plugin Message: Automatic video embedding prevented by plugin options. --><br \/>\nUna delegaci\u00f3n de la Central 80 particip\u00f3 de la jornada de protesta que Bomberos Voluntarios de todo el pa\u00eds realizaron en el Congreso. El reclamo est\u00e1 basado en una deuda que el gobierno mantiene con las entidades y no se modifique la Ley 25.054.<\/p>\n<p>  A las 10.30 hs de este mi\u00e9rcoles en todos los cuarteles del pa\u00eds se efectu\u00f3 un toque de sirena en reclamo por la retenci\u00f3n indebida de fondos del estado nacional que aportan los ciudadanos y est\u00e1n destinados a mantener cada uno de las centrales operativas.<\/p>\n<p>  Un grupo de Bomberos Voluntarios de San Pedro particip\u00f3 del reclamo en el Congreso al igual que muchos cuarteles de distintos puntos del pa\u00eds.  <\/p>\n<p><strong>COMUNICADO DE LA FEDERACI\u00d3N<\/strong><br \/>\n  El pago de los $ 147.396.108,00 correspondientes al excedente de recaudaci\u00f3n del Ejercicio Presupuestario 2017.<br \/>\n  La incorporaci\u00f3n al Ejercicio Presupuestario 2018 de los $ 614.327.240,00 que no fueron contemplados en la partida original.<\/p>\n<p>  Que no se modifique la Ley Nacional 25.054 (Ley Bomberos Voluntarios sancionada por unanimidad en ambas c\u00e1maras del Honorable Congreso de la Naci\u00f3n en el a\u00f1o 2014).<\/p>\n<p>  La falta de respuesta de la Autoridad de Aplicaci\u00f3n (Secretar\u00eda de Protecci\u00f3n Civil del Ministerio de Seguridad de la Naci\u00f3n) frente a los diversos reclamos que desde hace 2 a\u00f1os venimos realizando.<\/p>\n<p>  La grave situaci\u00f3n por la que est\u00e1 atravesando el Sistema Nacional de Bomberos Voluntarios pone en peligro la vida de nuestros bomberos y la prestaci\u00f3n del servicio p\u00fablico que brindamos en el 80% del territorio nacional; poniendo en riesgo la seguridad siniestral, es decir, las vidas y los bienes de los m\u00e1s de 40 millones de argentinos.<\/p>\n<p>  Reclamamos una soluci\u00f3n urgente. Los fondos que se recaudan para el pago del Subsidio Bomberos Voluntarios son de afectaci\u00f3n espec\u00edfica y han sido recaudados en tiempo y forma por la Superintendencia de Seguros de la Naci\u00f3n, tal como lo se\u00f1ala el art\u00edculo 11\u00ba de nuestra Ley. Los fondos est\u00e1n y no constituyen un gasto p\u00fablico.<\/p>\n<p>  Reclamamos que se nos pague lo que nos corresponde y que la Ley 25.054 no sea modificada ya que la misma ha sido \u00edntegramente redactada por este Sistema y llevada al Honorable Congreso de la Naci\u00f3n donde los legisladores, hace 4 a\u00f1os, la aprobaron por unanimidad.<\/p>\n<p>  No vamos a permitir que se modifique porque desencadenar\u00eda una crisis en el funcionamiento de los m\u00e1s de 1000 Cuarteles de Bomberos Voluntarios de la Argentina.<\/p>\n<p>  Es decir, los fondos se desviar\u00edan a una secretar\u00eda de gobierno en lugar de utilizarse en el equipamiento, funcionamiento y capacitaci\u00f3n de los m\u00e1s de 43 mil bomberos voluntarios que con profesionalismo, abnegaci\u00f3n, sacrificio y desinter\u00e9s arriesgan sus vidas todos los d\u00edas para salvar las vidas de los dem\u00e1s.<br \/>\n  Hoy m\u00e1s que nunca <\/p>\n","protected":false},"excerpt":{"rendered":"<p>Una delegaci\u00f3n de la Central 80 particip\u00f3 de la jornada de protesta que Bomberos Voluntarios de todo el pa\u00eds realizaron en el Congreso. El reclamo est\u00e1 basado en una deuda que el gobierno mantiene con las entidades y no se modifique la Ley 25.054. A las 10.30 hs de este mi\u00e9rcoles en todos los cuarteles [&hellip;]<\/p>\n","protected":false},"author":4,"featured_media":37633,"comment_status":"open","ping_status":"closed","sticky":false,"template":"","format":"standard","meta":{"om_disable_all_campaigns":false,"_jetpack_memberships_contains_paid_content":false,"footnotes":""},"categories":[101,2],"tags":[],"class_list":["post-37631","post","type-post","status-publish","format-standard","has-post-thumbnail","hentry","category-interes-general-locales","category-locales"],"aioseo_notices":[],"gutentor_comment":0,"jetpack_featured_media_url":"https:\/\/eldiariodesanpedro.com.ar\/sitio\/wp-content\/uploads\/2018\/08\/Bomberos-Voluntarios-sampedrinos-en-el-Congreso.jpeg","jetpack_shortlink":"https:\/\/wp.me\/p6RhLt-9MX","jetpack_sharing_enabled":true,"_links":{"self":[{"href":"https:\/\/eldiariodesanpedro.com.ar\/sitio\/wp-json\/wp\/v2\/posts\/37631","targetHints":{"allow":["GET"]}}],"collection":[{"href":"https:\/\/eldiariodesanpedro.com.ar\/sitio\/wp-json\/wp\/v2\/posts"}],"about":[{"href":"https:\/\/eldiariodesanpedro.com.ar\/sitio\/wp-json\/wp\/v2\/types\/post"}],"author":[{"embeddable":true,"href":"https:\/\/eldiariodesanpedro.com.ar\/sitio\/wp-json\/wp\/v2\/users\/4"}],"replies":[{"embeddable":true,"href":"https:\/\/eldiariodesanpedro.com.ar\/sitio\/wp-json\/wp\/v2\/comments?post=37631"}],"version-history":[{"count":1,"href":"https:\/\/eldiariodesanpedro.com.ar\/sitio\/wp-json\/wp\/v2\/posts\/37631\/revisions"}],"predecessor-version":[{"id":37634,"href":"https:\/\/eldiariodesanpedro.com.ar\/sitio\/wp-json\/wp\/v2\/posts\/37631\/revisions\/37634"}],"wp:featuredmedia":[{"embeddable":true,"href":"https:\/\/eldiariodesanpedro.com.ar\/sitio\/wp-json\/wp\/v2\/media\/37633"}],"wp:attachment":[{"href":"https:\/\/eldiariodesanpedro.com.ar\/sitio\/wp-json\/wp\/v2\/media?parent=37631"}],"wp:term":[{"taxonomy":"category","embeddable":true,"href":"https:\/\/eldiariodesanpedro.com.ar\/sitio\/wp-json\/wp\/v2\/categories?post=37631"},{"taxonomy":"post_tag","embeddable":true,"href":"https:\/\/eldiariodesanpedro.com.ar\/sitio\/wp-json\/wp\/v2\/tags?post=37631"}],"curies":[{"name":"wp","href":"https:\/\/api.w.org\/{rel}","templated":true}]}}