{"id":37626,"date":"2018-08-02T19:37:43","date_gmt":"2018-08-02T22:37:43","guid":{"rendered":"https:\/\/eldiariodesanpedro.com.ar\/sitio\/?p=37626"},"modified":"2018-08-02T20:22:47","modified_gmt":"2018-08-02T23:22:47","slug":"salazar-quiero-que-san-pedro-sepa-que-no-soy-ningun-corrupto","status":"publish","type":"post","link":"https:\/\/eldiariodesanpedro.com.ar\/sitio\/salazar-quiero-que-san-pedro-sepa-que-no-soy-ningun-corrupto\/","title":{"rendered":"Salazar: \u00abQuiero que San Pedro sepa que no soy ning\u00fan corrupto\u00bb"},"content":{"rendered":"<p><!-- VideographyWP Plugin Message: Automatic video embedding prevented by plugin options. --><br \/>\nEste jueves despu\u00e9s de la denuncia en una red social que hizo la ex concejal Cecilia V\u00e1zquez, desafiando al Intendente a trav\u00e9s de su cuenta de Facebook a que de una conferencia de prensa explicando los motivos de un decreto que lo beneficiaba, seg\u00fan V\u00e1zquez, con una escritura por \u201ccarencia de recursos econ\u00f3micos\u201d.<\/p>\n<p>  <iframe style=\"border: none; overflow: hidden;\" data-src=\"https:\/\/www.facebook.com\/plugins\/post.php?href=https%3A%2F%2Fwww.facebook.com%2Fcecilia.vazquez.718%2Fposts%2F10214426220063593&amp;width=500\" width=\"500\" height=\"745\" frameborder=\"0\" scrolling=\"no\" src=\"data:image\/svg+xml;base64,PHN2ZyB3aWR0aD0iMSIgaGVpZ2h0PSIxIiB4bWxucz0iaHR0cDovL3d3dy53My5vcmcvMjAwMC9zdmciPjwvc3ZnPg==\" class=\"lazyload\" data-load-mode=\"1\"><\/iframe><\/p>\n<p>En el marco de una Conferencia de Prensa en la Municipalidad de San Pedro, en su despacho, el Jefe Comunal realiz\u00f3 una aclaraci\u00f3n sobre el Decreto de escritura social a nombre de \u00e9l, en donde se interpret\u00f3 que intentaba escriturar a su nombre un predio que fue comprado en el barrio La Tosquera por la Municipalidad; \u201cera necesario que la prensa tenga las palabras de la boca de quien es hoy el acusado, demostrando la realidad de los hechos\u201d, comenz\u00f3 sus declaraciones Cecilio Salazar.<\/p>\n<p>  En el lugar se encontraba acompa\u00f1ado por su Secretario Silvio Corti, el titular de la Oficina de Escrituraciones Municipal, Javier Silva, el Secretario de Seguridad Eduardo Roleri entre otros. Pero quien m\u00e1s se not\u00f3 que lo acompa\u00f1aba atentamente, era su hijo, el Secretario de Coordinaci\u00f3n Ram\u00f3n Salazar, que en ocasiones se acercaba para decirle algo al o\u00eddo.<\/p>\n<p>  \u201cMe voy a permitir contarles a ustedes un poco, a la gente que piensa o cree este tipo de cosas que se trasladan, que el Intendente que hoy tienen ustedes en San Pedro no es ning\u00fan corrupto, que lo ha demostrado a trav\u00e9s de su historia, muchos me conocen. He sido vicepresidente de una de las obras sociales y uno de los gremios m\u00e1s importantes del pa\u00eds durante 24 a\u00f1os, en los que tuve el honor de acompa\u00f1arlo al compa\u00f1ero Venegas; s\u00e9 tambi\u00e9n que la gente piensa mal de las acciones de muchos pol\u00edticos y sindicalistas que seguramente han hecho algo para merecerse eso, pero yo no me siento parte de ello, yo no soy un corrupto\u201d.<\/p>\n<p>  \u201cMis \u00fanicos bienes son una casa en la que vivo hace 30 a\u00f1os y un auto, cuando se venza mi mandato en el 2019 voy a tener lo mismo, una casa y un auto, estoy muy orgulloso de ello, no como otros pol\u00edticos que se llenan los bolsillos y viven en grandes mansiones y en los lugares m\u00e1s caros de la ciudad y, nunca pudieron demostrar de d\u00f3nde viene tanta fortuna\u201d.<\/p>\n<p>  Aparentemente, el documento tendr\u00eda un error en la redacci\u00f3n, sin embargo, se explic\u00f3 que las escrituras est\u00e1n a nombre de la Municipalidad y se descart\u00f3 en una conferencia de prensa toda posibilidad que estuviera a nombre del mandatario.<\/p>\n<p>  \u201cNunca, jam\u00e1s, pretend\u00ed quedarme con un terreno que, quede claro: ese terreno est\u00e1 a nombre del Municipio\u201d asever\u00f3.<\/p>\n<p><iframe style=\"border: none; overflow: hidden;\" data-src=\"https:\/\/www.facebook.com\/plugins\/video.php?href=https%3A%2F%2Fwww.facebook.com%2Feldiario.desanpedro%2Fvideos%2F828993053976502%2F&amp;show_text=0&amp;width=560\" width=\"560\" height=\"315\" frameborder=\"0\" scrolling=\"no\" allowfullscreen=\"allowfullscreen\" src=\"data:image\/svg+xml;base64,PHN2ZyB3aWR0aD0iMSIgaGVpZ2h0PSIxIiB4bWxucz0iaHR0cDovL3d3dy53My5vcmcvMjAwMC9zdmciPjwvc3ZnPg==\" class=\"lazyload\" data-load-mode=\"1\"><\/iframe><\/p>\n","protected":false},"excerpt":{"rendered":"<p>Este jueves despu\u00e9s de la denuncia en una red social que hizo la ex concejal Cecilia V\u00e1zquez, desafiando al Intendente a trav\u00e9s de su cuenta de Facebook a que de una conferencia de prensa explicando los motivos de un decreto que lo beneficiaba, seg\u00fan V\u00e1zquez, con una escritura por \u201ccarencia de recursos econ\u00f3micos\u201d. En el [&hellip;]<\/p>\n","protected":false},"author":4,"featured_media":37583,"comment_status":"open","ping_status":"closed","sticky":false,"template":"","format":"standard","meta":{"om_disable_all_campaigns":false,"_jetpack_memberships_contains_paid_content":false,"footnotes":""},"categories":[50,2,102],"tags":[],"class_list":["post-37626","post","type-post","status-publish","format-standard","has-post-thumbnail","hentry","category-destacadas","category-locales","category-politica-locales"],"aioseo_notices":[],"gutentor_comment":0,"jetpack_featured_media_url":"https:\/\/eldiariodesanpedro.com.ar\/sitio\/wp-content\/uploads\/2018\/08\/20180802_110928-e1533249361221.jpg","jetpack_shortlink":"https:\/\/wp.me\/p6RhLt-9MS","jetpack_sharing_enabled":true,"_links":{"self":[{"href":"https:\/\/eldiariodesanpedro.com.ar\/sitio\/wp-json\/wp\/v2\/posts\/37626","targetHints":{"allow":["GET"]}}],"collection":[{"href":"https:\/\/eldiariodesanpedro.com.ar\/sitio\/wp-json\/wp\/v2\/posts"}],"about":[{"href":"https:\/\/eldiariodesanpedro.com.ar\/sitio\/wp-json\/wp\/v2\/types\/post"}],"author":[{"embeddable":true,"href":"https:\/\/eldiariodesanpedro.com.ar\/sitio\/wp-json\/wp\/v2\/users\/4"}],"replies":[{"embeddable":true,"href":"https:\/\/eldiariodesanpedro.com.ar\/sitio\/wp-json\/wp\/v2\/comments?post=37626"}],"version-history":[{"count":3,"href":"https:\/\/eldiariodesanpedro.com.ar\/sitio\/wp-json\/wp\/v2\/posts\/37626\/revisions"}],"predecessor-version":[{"id":37629,"href":"https:\/\/eldiariodesanpedro.com.ar\/sitio\/wp-json\/wp\/v2\/posts\/37626\/revisions\/37629"}],"wp:featuredmedia":[{"embeddable":true,"href":"https:\/\/eldiariodesanpedro.com.ar\/sitio\/wp-json\/wp\/v2\/media\/37583"}],"wp:attachment":[{"href":"https:\/\/eldiariodesanpedro.com.ar\/sitio\/wp-json\/wp\/v2\/media?parent=37626"}],"wp:term":[{"taxonomy":"category","embeddable":true,"href":"https:\/\/eldiariodesanpedro.com.ar\/sitio\/wp-json\/wp\/v2\/categories?post=37626"},{"taxonomy":"post_tag","embeddable":true,"href":"https:\/\/eldiariodesanpedro.com.ar\/sitio\/wp-json\/wp\/v2\/tags?post=37626"}],"curies":[{"name":"wp","href":"https:\/\/api.w.org\/{rel}","templated":true}]}}