{"id":37623,"date":"2018-08-02T17:34:45","date_gmt":"2018-08-02T20:34:45","guid":{"rendered":"https:\/\/eldiariodesanpedro.com.ar\/sitio\/?p=37623"},"modified":"2018-08-02T17:34:45","modified_gmt":"2018-08-02T20:34:45","slug":"campana-prision-preventiva-para-los-detenidos-por-la-muerte-de-la-joven-de-16-anos-valentina-urbano","status":"publish","type":"post","link":"https:\/\/eldiariodesanpedro.com.ar\/sitio\/campana-prision-preventiva-para-los-detenidos-por-la-muerte-de-la-joven-de-16-anos-valentina-urbano\/","title":{"rendered":"CAMPANA: Prisi\u00f3n Preventiva para los detenidos por la muerte de la joven de 16 a\u00f1os, Valentina Urbano"},"content":{"rendered":"<p><!-- VideographyWP Plugin Message: Automatic video embedding prevented by plugin options. --><br \/>\nLa noticia conmocion\u00f3 a toda la regi\u00f3n, a principios del mes de julio, Valentina Urbano de 16 a\u00f1os fue abandonada por dos sujetos que despu\u00e9s intentaron darse a la fuga, en la Guardia del Hospital Municipal San Jos\u00e9 de Campana, los m\u00e9dicos no pudieron salvarle la vida. La investigaci\u00f3n tiene detenidos a tres individuos imputados por la muerte de la joven. En las \u00faltimas horas se confirm\u00f3 la prisi\u00f3n preventiva de los sospechosos.<\/p>\n<p>En la madrugada del 4 de julio pasado, Valentina Urbano de 16 a\u00f1os, fue llevada a la Guardia del Hospital Municipal San Jos\u00e9 por dos sujetos que luego intentaron escapar.<\/p>\n<p>La joven estaba totalmente descompensada y a pesar de los esfuerzos m\u00e9dicos no pudo salvar su vida. Las im\u00e1genes de las c\u00e1maras de seguridad y el r\u00e1pido accionar policial, permiti\u00f3 la detenci\u00f3n de  H\u00e9ctor Maldonado y Sergio L\u00f3pez, de 46 y 30 a\u00f1os y el jueves 5, se entregar\u00eda Dar\u00edo \u201cChapu\u201d Gonz\u00e1lez, tambi\u00e9n mayor de edad.<\/p>\n<p>El Fiscal de la causa, Dr. Mat\u00edas Ferreiros, curs\u00f3 a la Jueza de Garant\u00edas, Dra. Graciela Cione, el pedido de prisi\u00f3n preventiva para los sospechosos mientras contin\u00faa la investigaci\u00f3n y por estas horas, se confirm\u00f3 que la magistrada accedi\u00f3 a la solicitud.<\/p>\n<p>Los detenidos est\u00e1n imputados, por el momento, por contravenci\u00f3n a la Ley 23737 de Estupefacientes, aunque las sospechas recaen tambien en el suministro de alcohol y drogas a Valentina que le habr\u00edan generado una descompensaci\u00f3n por sobredosis, caus\u00e1ndole la muerte.<\/p>\n<p>FUENTE: Campana Noticias<\/p>\n","protected":false},"excerpt":{"rendered":"<p>La noticia conmocion\u00f3 a toda la regi\u00f3n, a principios del mes de julio, Valentina Urbano de 16 a\u00f1os fue abandonada por dos sujetos que despu\u00e9s intentaron darse a la fuga, en la Guardia del Hospital Municipal San Jos\u00e9 de Campana, los m\u00e9dicos no pudieron salvarle la vida. La investigaci\u00f3n tiene detenidos a tres individuos imputados [&hellip;]<\/p>\n","protected":false},"author":4,"featured_media":37624,"comment_status":"open","ping_status":"closed","sticky":false,"template":"","format":"standard","meta":{"om_disable_all_campaigns":false,"_jetpack_memberships_contains_paid_content":false,"footnotes":""},"categories":[621],"tags":[],"class_list":["post-37623","post","type-post","status-publish","format-standard","has-post-thumbnail","hentry","category-regionales"],"aioseo_notices":[],"gutentor_comment":0,"jetpack_featured_media_url":"https:\/\/eldiariodesanpedro.com.ar\/sitio\/wp-content\/uploads\/2018\/08\/Valentina-Urbano.jpg","jetpack_shortlink":"https:\/\/wp.me\/p6RhLt-9MP","jetpack_sharing_enabled":true,"_links":{"self":[{"href":"https:\/\/eldiariodesanpedro.com.ar\/sitio\/wp-json\/wp\/v2\/posts\/37623","targetHints":{"allow":["GET"]}}],"collection":[{"href":"https:\/\/eldiariodesanpedro.com.ar\/sitio\/wp-json\/wp\/v2\/posts"}],"about":[{"href":"https:\/\/eldiariodesanpedro.com.ar\/sitio\/wp-json\/wp\/v2\/types\/post"}],"author":[{"embeddable":true,"href":"https:\/\/eldiariodesanpedro.com.ar\/sitio\/wp-json\/wp\/v2\/users\/4"}],"replies":[{"embeddable":true,"href":"https:\/\/eldiariodesanpedro.com.ar\/sitio\/wp-json\/wp\/v2\/comments?post=37623"}],"version-history":[{"count":1,"href":"https:\/\/eldiariodesanpedro.com.ar\/sitio\/wp-json\/wp\/v2\/posts\/37623\/revisions"}],"predecessor-version":[{"id":37625,"href":"https:\/\/eldiariodesanpedro.com.ar\/sitio\/wp-json\/wp\/v2\/posts\/37623\/revisions\/37625"}],"wp:featuredmedia":[{"embeddable":true,"href":"https:\/\/eldiariodesanpedro.com.ar\/sitio\/wp-json\/wp\/v2\/media\/37624"}],"wp:attachment":[{"href":"https:\/\/eldiariodesanpedro.com.ar\/sitio\/wp-json\/wp\/v2\/media?parent=37623"}],"wp:term":[{"taxonomy":"category","embeddable":true,"href":"https:\/\/eldiariodesanpedro.com.ar\/sitio\/wp-json\/wp\/v2\/categories?post=37623"},{"taxonomy":"post_tag","embeddable":true,"href":"https:\/\/eldiariodesanpedro.com.ar\/sitio\/wp-json\/wp\/v2\/tags?post=37623"}],"curies":[{"name":"wp","href":"https:\/\/api.w.org\/{rel}","templated":true}]}}