{"id":37620,"date":"2018-08-02T17:31:16","date_gmt":"2018-08-02T20:31:16","guid":{"rendered":"https:\/\/eldiariodesanpedro.com.ar\/sitio\/?p=37620"},"modified":"2018-08-02T17:31:16","modified_gmt":"2018-08-02T20:31:16","slug":"zarate-el-conflicto-en-atucha-uocra-pidio-la-urgente-intervencion-del-ministerio-de-trabajo-de-la-provincia","status":"publish","type":"post","link":"https:\/\/eldiariodesanpedro.com.ar\/sitio\/zarate-el-conflicto-en-atucha-uocra-pidio-la-urgente-intervencion-del-ministerio-de-trabajo-de-la-provincia\/","title":{"rendered":"ZARATE: El conflicto en Atucha: UOCRA pidi\u00f3 la urgente intervenci\u00f3n del Ministerio de Trabajo de la Provincia"},"content":{"rendered":"<p><!-- VideographyWP Plugin Message: Automatic video embedding prevented by plugin options. --><br \/>\nEn horas de la ma\u00f1ana de este jueves, el Secretario Adjunto de la Uni\u00f3n Obrera de la Construcci\u00f3n de la Rep\u00fablica Argentina (UOCRA), seccional Z\u00e1rate, Ariel Puebla, realiz\u00f3 la presentaci\u00f3n en el Ministerio de Trabajo de la Provincia de Buenos Aires, Delegaci\u00f3n local,  solicitando una audiencia urgente para destrabar el conflicto. Este mi\u00e9rcoles, el Ministerio de Naci\u00f3n decret\u00f3 la conciliaci\u00f3n obligatoria para el Sindicato de Luz y Fuerza pero sin la reincorporaci\u00f3n de los despedidos.<\/p>\n<p>En el marco del conflicto por los despidos registrados en la Central Nuclear de Atucha y que tuvo como consecuencia la enorme movilizaci\u00f3n de todos los gremios hacia la rotonda del Complejo Z\u00e1rate \u2013 Brazo Largo, UOCRA solicit\u00f3 en la ma\u00f1ana de este jueves, una audiencia urgente en el Ministerio de Trabajo de la Provincia, delegaci\u00f3n local.<\/p>\n<p>Noventa son los afectados del gremio y pertenecen a la Unidad de Gesti\u00f3n \u2013 Proyectos Nucleares, en la empresa Masa Argentina S.A.,  dependiente de Nucleoel\u00e9ctrica Argentina S.A..<\/p>\n<p>La entidad sindical se\u00f1al\u00f3 adem\u00e1s, que esta situaci\u00f3n dej\u00f3 sin fuente laboral no solo a trabajadores de la construcci\u00f3n sino tambi\u00e9n a personal de maestranza, gastronom\u00eda, transporte y seguridad privada.<\/p>\n<p>Este mi\u00e9rcoles la cartera de Naci\u00f3n dict\u00f3 la conciliaci\u00f3n obligatoria por 15 d\u00edas para el Sindicato de Luz y Fuerza pero con la particularidad in\u00e9dita de la no reincorporaci\u00f3n de los trabajadores desafectados.<\/p>\n<p>Esta instancia solicitada por el Sindicato de la Construcci\u00f3n, busca que el organismo dicte la conciliaci\u00f3n, tiene potestad para hacerlo a pesar del antecedente de Naci\u00f3n que corresponde a otra agremiaci\u00f3n, y por lo tanto retrotraer la medida de la empresa que incluye que los empleados desafectados retornen a sus tareas.<\/p>\n","protected":false},"excerpt":{"rendered":"<p>En horas de la ma\u00f1ana de este jueves, el Secretario Adjunto de la Uni\u00f3n Obrera de la Construcci\u00f3n de la Rep\u00fablica Argentina (UOCRA), seccional Z\u00e1rate, Ariel Puebla, realiz\u00f3 la presentaci\u00f3n en el Ministerio de Trabajo de la Provincia de Buenos Aires, Delegaci\u00f3n local, solicitando una audiencia urgente para destrabar el conflicto. Este mi\u00e9rcoles, el Ministerio [&hellip;]<\/p>\n","protected":false},"author":4,"featured_media":37621,"comment_status":"open","ping_status":"closed","sticky":false,"template":"","format":"standard","meta":{"om_disable_all_campaigns":false,"_jetpack_memberships_contains_paid_content":false,"footnotes":""},"categories":[621],"tags":[],"class_list":["post-37620","post","type-post","status-publish","format-standard","has-post-thumbnail","hentry","category-regionales"],"aioseo_notices":[],"gutentor_comment":0,"jetpack_featured_media_url":"https:\/\/eldiariodesanpedro.com.ar\/sitio\/wp-content\/uploads\/2018\/08\/20180801_090347.jpg","jetpack_shortlink":"https:\/\/wp.me\/p6RhLt-9MM","jetpack_sharing_enabled":true,"_links":{"self":[{"href":"https:\/\/eldiariodesanpedro.com.ar\/sitio\/wp-json\/wp\/v2\/posts\/37620","targetHints":{"allow":["GET"]}}],"collection":[{"href":"https:\/\/eldiariodesanpedro.com.ar\/sitio\/wp-json\/wp\/v2\/posts"}],"about":[{"href":"https:\/\/eldiariodesanpedro.com.ar\/sitio\/wp-json\/wp\/v2\/types\/post"}],"author":[{"embeddable":true,"href":"https:\/\/eldiariodesanpedro.com.ar\/sitio\/wp-json\/wp\/v2\/users\/4"}],"replies":[{"embeddable":true,"href":"https:\/\/eldiariodesanpedro.com.ar\/sitio\/wp-json\/wp\/v2\/comments?post=37620"}],"version-history":[{"count":1,"href":"https:\/\/eldiariodesanpedro.com.ar\/sitio\/wp-json\/wp\/v2\/posts\/37620\/revisions"}],"predecessor-version":[{"id":37622,"href":"https:\/\/eldiariodesanpedro.com.ar\/sitio\/wp-json\/wp\/v2\/posts\/37620\/revisions\/37622"}],"wp:featuredmedia":[{"embeddable":true,"href":"https:\/\/eldiariodesanpedro.com.ar\/sitio\/wp-json\/wp\/v2\/media\/37621"}],"wp:attachment":[{"href":"https:\/\/eldiariodesanpedro.com.ar\/sitio\/wp-json\/wp\/v2\/media?parent=37620"}],"wp:term":[{"taxonomy":"category","embeddable":true,"href":"https:\/\/eldiariodesanpedro.com.ar\/sitio\/wp-json\/wp\/v2\/categories?post=37620"},{"taxonomy":"post_tag","embeddable":true,"href":"https:\/\/eldiariodesanpedro.com.ar\/sitio\/wp-json\/wp\/v2\/tags?post=37620"}],"curies":[{"name":"wp","href":"https:\/\/api.w.org\/{rel}","templated":true}]}}