{"id":37617,"date":"2018-08-02T17:22:45","date_gmt":"2018-08-02T20:22:45","guid":{"rendered":"https:\/\/eldiariodesanpedro.com.ar\/sitio\/?p=37617"},"modified":"2018-08-02T17:22:45","modified_gmt":"2018-08-02T20:22:45","slug":"baradero-detuvieron-a-un-hombre-denunciado-por-un-intento-de-violacion","status":"publish","type":"post","link":"https:\/\/eldiariodesanpedro.com.ar\/sitio\/baradero-detuvieron-a-un-hombre-denunciado-por-un-intento-de-violacion\/","title":{"rendered":"BARADERO: Detuvieron a un hombre denunciado por un intento de violaci\u00f3n"},"content":{"rendered":"<p><!-- VideographyWP Plugin Message: Automatic video embedding prevented by plugin options. --><br \/>\nLa denunciante tiene alrededor de 20 a\u00f1os. Radic\u00f3 su denuncia en la Comisar\u00eda de la Mujer afirmando que sufri\u00f3 un intento de violaci\u00f3n.<\/p>\n<p>El hecho fue este martes por la noche cuando el hombre habr\u00eda pretendido obligar a la joven a mantener relaciones sexuales. La denuncia la radic\u00f3 a la ma\u00f1ana siguiente.<\/p>\n<p>La causa fue elevada y se orden\u00f3 la detenci\u00f3n del sujeto quien adem\u00e1s fue indagado en la fiscal\u00eda. Desde donde continuar\u00e1 la investigaci\u00f3n sobre lo ocurrido.<\/p>\n<p>Fuente: Tu L\u00ednea Directa<\/p>\n","protected":false},"excerpt":{"rendered":"<p>La denunciante tiene alrededor de 20 a\u00f1os. Radic\u00f3 su denuncia en la Comisar\u00eda de la Mujer afirmando que sufri\u00f3 un intento de violaci\u00f3n. El hecho fue este martes por la noche cuando el hombre habr\u00eda pretendido obligar a la joven a mantener relaciones sexuales. La denuncia la radic\u00f3 a la ma\u00f1ana siguiente. La causa fue [&hellip;]<\/p>\n","protected":false},"author":4,"featured_media":37618,"comment_status":"open","ping_status":"closed","sticky":false,"template":"","format":"standard","meta":{"om_disable_all_campaigns":false,"_jetpack_memberships_contains_paid_content":false,"footnotes":""},"categories":[621],"tags":[],"class_list":["post-37617","post","type-post","status-publish","format-standard","has-post-thumbnail","hentry","category-regionales"],"aioseo_notices":[],"gutentor_comment":0,"jetpack_featured_media_url":"https:\/\/eldiariodesanpedro.com.ar\/sitio\/wp-content\/uploads\/2018\/08\/violacion.jpg","jetpack_shortlink":"https:\/\/wp.me\/p6RhLt-9MJ","jetpack_sharing_enabled":true,"_links":{"self":[{"href":"https:\/\/eldiariodesanpedro.com.ar\/sitio\/wp-json\/wp\/v2\/posts\/37617","targetHints":{"allow":["GET"]}}],"collection":[{"href":"https:\/\/eldiariodesanpedro.com.ar\/sitio\/wp-json\/wp\/v2\/posts"}],"about":[{"href":"https:\/\/eldiariodesanpedro.com.ar\/sitio\/wp-json\/wp\/v2\/types\/post"}],"author":[{"embeddable":true,"href":"https:\/\/eldiariodesanpedro.com.ar\/sitio\/wp-json\/wp\/v2\/users\/4"}],"replies":[{"embeddable":true,"href":"https:\/\/eldiariodesanpedro.com.ar\/sitio\/wp-json\/wp\/v2\/comments?post=37617"}],"version-history":[{"count":1,"href":"https:\/\/eldiariodesanpedro.com.ar\/sitio\/wp-json\/wp\/v2\/posts\/37617\/revisions"}],"predecessor-version":[{"id":37619,"href":"https:\/\/eldiariodesanpedro.com.ar\/sitio\/wp-json\/wp\/v2\/posts\/37617\/revisions\/37619"}],"wp:featuredmedia":[{"embeddable":true,"href":"https:\/\/eldiariodesanpedro.com.ar\/sitio\/wp-json\/wp\/v2\/media\/37618"}],"wp:attachment":[{"href":"https:\/\/eldiariodesanpedro.com.ar\/sitio\/wp-json\/wp\/v2\/media?parent=37617"}],"wp:term":[{"taxonomy":"category","embeddable":true,"href":"https:\/\/eldiariodesanpedro.com.ar\/sitio\/wp-json\/wp\/v2\/categories?post=37617"},{"taxonomy":"post_tag","embeddable":true,"href":"https:\/\/eldiariodesanpedro.com.ar\/sitio\/wp-json\/wp\/v2\/tags?post=37617"}],"curies":[{"name":"wp","href":"https:\/\/api.w.org\/{rel}","templated":true}]}}