{"id":37614,"date":"2018-08-02T17:00:06","date_gmt":"2018-08-02T20:00:06","guid":{"rendered":"https:\/\/eldiariodesanpedro.com.ar\/sitio\/?p=37614"},"modified":"2018-08-02T17:00:06","modified_gmt":"2018-08-02T20:00:06","slug":"baradero-denunciaron-un-intento-de-abuso-a-una-menor","status":"publish","type":"post","link":"https:\/\/eldiariodesanpedro.com.ar\/sitio\/baradero-denunciaron-un-intento-de-abuso-a-una-menor\/","title":{"rendered":"BARADERO: Denunciaron un intento de abuso a una menor"},"content":{"rendered":"<p><!-- VideographyWP Plugin Message: Automatic video embedding prevented by plugin options. --><br \/>\nEl hombre acusado de abusador es oriundo de Portela y seria t\u00edo pol\u00edtico de la familia. La v\u00edctima es una nena de 11 a\u00f1os.<\/p>\n<p>El hermano menor de la peque\u00f1a habr\u00eda descubierto al hombre ofreci\u00e9ndole dinero a la nena a cambio de permitir alg\u00fan tipo de abuso y se lo cont\u00f3 a su mam\u00e1.<\/p>\n<p>Hasta el momento se desconoce si se concret\u00f3 alg\u00fan abuso previo a dicha situaci\u00f3n.<\/p>\n<p>La menor tiene 11 a\u00f1os y su hermano 10. La denuncia fue radicada en la Comisar\u00eda de la Mujer. El caso lo investiga el fiscal Granda<\/p>\n<p>Fuente: Tu L\u00ednea Directa<\/p>\n","protected":false},"excerpt":{"rendered":"<p>El hombre acusado de abusador es oriundo de Portela y seria t\u00edo pol\u00edtico de la familia. La v\u00edctima es una nena de 11 a\u00f1os. El hermano menor de la peque\u00f1a habr\u00eda descubierto al hombre ofreci\u00e9ndole dinero a la nena a cambio de permitir alg\u00fan tipo de abuso y se lo cont\u00f3 a su mam\u00e1. Hasta [&hellip;]<\/p>\n","protected":false},"author":4,"featured_media":37615,"comment_status":"open","ping_status":"closed","sticky":false,"template":"","format":"standard","meta":{"om_disable_all_campaigns":false,"_jetpack_memberships_contains_paid_content":false,"footnotes":""},"categories":[621],"tags":[],"class_list":["post-37614","post","type-post","status-publish","format-standard","has-post-thumbnail","hentry","category-regionales"],"aioseo_notices":[],"gutentor_comment":0,"jetpack_featured_media_url":"https:\/\/eldiariodesanpedro.com.ar\/sitio\/wp-content\/uploads\/2018\/08\/abuso_infantil.jpg","jetpack_shortlink":"https:\/\/wp.me\/p6RhLt-9MG","jetpack_sharing_enabled":true,"_links":{"self":[{"href":"https:\/\/eldiariodesanpedro.com.ar\/sitio\/wp-json\/wp\/v2\/posts\/37614","targetHints":{"allow":["GET"]}}],"collection":[{"href":"https:\/\/eldiariodesanpedro.com.ar\/sitio\/wp-json\/wp\/v2\/posts"}],"about":[{"href":"https:\/\/eldiariodesanpedro.com.ar\/sitio\/wp-json\/wp\/v2\/types\/post"}],"author":[{"embeddable":true,"href":"https:\/\/eldiariodesanpedro.com.ar\/sitio\/wp-json\/wp\/v2\/users\/4"}],"replies":[{"embeddable":true,"href":"https:\/\/eldiariodesanpedro.com.ar\/sitio\/wp-json\/wp\/v2\/comments?post=37614"}],"version-history":[{"count":1,"href":"https:\/\/eldiariodesanpedro.com.ar\/sitio\/wp-json\/wp\/v2\/posts\/37614\/revisions"}],"predecessor-version":[{"id":37616,"href":"https:\/\/eldiariodesanpedro.com.ar\/sitio\/wp-json\/wp\/v2\/posts\/37614\/revisions\/37616"}],"wp:featuredmedia":[{"embeddable":true,"href":"https:\/\/eldiariodesanpedro.com.ar\/sitio\/wp-json\/wp\/v2\/media\/37615"}],"wp:attachment":[{"href":"https:\/\/eldiariodesanpedro.com.ar\/sitio\/wp-json\/wp\/v2\/media?parent=37614"}],"wp:term":[{"taxonomy":"category","embeddable":true,"href":"https:\/\/eldiariodesanpedro.com.ar\/sitio\/wp-json\/wp\/v2\/categories?post=37614"},{"taxonomy":"post_tag","embeddable":true,"href":"https:\/\/eldiariodesanpedro.com.ar\/sitio\/wp-json\/wp\/v2\/tags?post=37614"}],"curies":[{"name":"wp","href":"https:\/\/api.w.org\/{rel}","templated":true}]}}