{"id":37611,"date":"2018-08-02T16:37:08","date_gmt":"2018-08-02T19:37:08","guid":{"rendered":"https:\/\/eldiariodesanpedro.com.ar\/sitio\/?p=37611"},"modified":"2018-08-02T16:37:08","modified_gmt":"2018-08-02T19:37:08","slug":"tragedia-de-moreno-paro-docente-por-24-horas-en-la-provincia","status":"publish","type":"post","link":"https:\/\/eldiariodesanpedro.com.ar\/sitio\/tragedia-de-moreno-paro-docente-por-24-horas-en-la-provincia\/","title":{"rendered":"Tragedia de Moreno: paro docente por 24 horas en la Provincia"},"content":{"rendered":"<p><!-- VideographyWP Plugin Message: Automatic video embedding prevented by plugin options. --><br \/>\nLa tragedia de Moreno en la que fallecieron la Vicedirectora y el portero de la Escuela 49 deriv\u00f3 en un paro docente para el d\u00eda de ma\u00f1ana. As\u00ed lo anunci\u00f3 el Frente de Unidad Docente.<\/p>\n<p>Tal como se inform\u00f3 anteriormente, el hecho se produjo al explotar una estufa, que se produjo a partir de una p\u00e9rdida de gas que hab\u00eda sido denunciada con anterioridad en varias oportunidades. <\/p>\n<p>\u00abCompa\u00f1erxs ma\u00f1ana viernes 3\/8 en el marco del FUD se convoca a PARO  por la  tragedia de Moreno en donde dos compa\u00f1erxs perdieron su vida ante la irresponsabilidad de la gobernadora VIDAL.  Hoy en La Plata MARCHA DE ANTORCHAS concentramos a las 18 horas en Plaza Italia.  #VidalEsResponsable\u00bb, comunic\u00f3 en diferentes redes sociales el gremio Suteba, quie viene de realizar un paro por 48 horas. <\/p>\n<p>En tanto, la presidente de la FEB, Mirta Petrocini, asegur\u00f3 que \u201cmuchas veces denunciamos el estado en que est\u00e1n las escuelas ante las autoridades, pero prefieren confrontar en lugar de dar soluciones\u201d.<\/p>\n<p>\u201cEn lugar de sacar a inspectores a la calle los d\u00edas de paro y perseguir a los docentes que se adhieren, el Gobierno deber\u00eda mandarlos a recorrer las escuelas y ver el estado en el que los docentes y los alumnos tienen que trabajar a diario\u201d, sostuvo la presidente de la FEB.<\/p>\n<p>Y record\u00f3 que \u201ctanto desde la FEB como desde el FUDB, recorrimos la Direcci\u00f3n de Escuelas, la Gobernaci\u00f3n, la Legislatura, denunciando la situaci\u00f3n edilicia de las escuelas. Hicimos un carpetazo donde relev\u00e1bamos el estado deplorable de algunos establecimientos y nos cerraron las puertas en la cara\u201d.<\/p>\n<p>Vale destacar que m\u00e1s all\u00e1 de la medida gremial, la Direcci\u00f3n General de Cultura y Educaci\u00f3n manifest\u00f3 en un comunmicado \u00absu profundo dolor y pesar, al tiempo que expresa su solidaridad con las familias y los amigos de las v\u00edctimas y con toda la comunidad\u00bb.<\/p>\n<p>Agrega que \u00abse ha dispuesto una jornada de duelo y asueto para el d\u00eda de hoy y ma\u00f1ana para toda la comunidad educativa del distrito de Moreno y una jornada de duelo y reflexi\u00f3n para todas las escuelas del resto de la Provincia de Buenos Aires. Las banderas se izar\u00e1n a media asta\u00bb.<\/p>\n<p>\u00abLa DGCyE sostiene la firme decisi\u00f3n de colaborar con las investigaciones que lleve adelante la Justicia para que se dispongan todos y cada uno de los instrumentos que esta requiera. En paralelo, se instruyen todas las actuaciones e instancias de investigaci\u00f3n interna y administrativa para relevar todas las cuestiones que contribuyan a esclarecer los hechos\u00bb, culmina el comunicado. <\/p>\n<p>Un rato antes, el intendente local,Walter Festa expres\u00f3 su pesar por la tragedia y resalt\u00f3 entre otras cosas que \u00abes una situaci\u00f3n muy dif\u00edcil. Estamos muy dolidos, hacemos llegar nuestras condolencias a los familiares de las v\u00edctimas, a quienes estaremos acompa\u00f1ando\u201d, se\u00f1al\u00f3.<\/p>\n<p>\u201cTenemos el Consejo Escolar intervenido, que es el \u00f3rgano responsable de garantizar las condiciones edilicias para que haya clases. Hay un responsable que se llama Sebasti\u00e1n Nasif, que fue designado por el Gobierno de la Provincia de Buenos Aires. No nos desligamos de nuestra responsabilidad institucional como autoridades de Moreno, pero tambi\u00e9n hay que ser responsable de las jerarqu\u00edas y esperamos que la justicia haga las investigaciones correspondientes.\u201d, agreg\u00f3 Festa.<\/p>\n<p>\u201cEl Consejo Escolar de Moreno es la autoridad designada por la Direcci\u00f3n General de Cultura y Educaci\u00f3n (DGCyE) de la provincia para garantizar que las escuelas operen adecuadamente, como as\u00ed tambi\u00e9n el mantenimiento de los edificios escolares en su totalidad. Para ese fin tiene asignado adem\u00e1s el cargo de Inspector de Infraestructura, que es la figura legal que articula entre la instituci\u00f3n escolar y la DGCyE\u201d, explic\u00f3 el intendente\u201d. <\/p>\n<p>Fuente: La Tecla<\/p>\n","protected":false},"excerpt":{"rendered":"<p>La tragedia de Moreno en la que fallecieron la Vicedirectora y el portero de la Escuela 49 deriv\u00f3 en un paro docente para el d\u00eda de ma\u00f1ana. As\u00ed lo anunci\u00f3 el Frente de Unidad Docente. Tal como se inform\u00f3 anteriormente, el hecho se produjo al explotar una estufa, que se produjo a partir de una [&hellip;]<\/p>\n","protected":false},"author":4,"featured_media":37612,"comment_status":"open","ping_status":"closed","sticky":false,"template":"","format":"standard","meta":{"om_disable_all_campaigns":false,"_jetpack_memberships_contains_paid_content":false,"footnotes":""},"categories":[621],"tags":[],"class_list":["post-37611","post","type-post","status-publish","format-standard","has-post-thumbnail","hentry","category-regionales"],"aioseo_notices":[],"gutentor_comment":0,"jetpack_featured_media_url":"https:\/\/eldiariodesanpedro.com.ar\/sitio\/wp-content\/uploads\/2018\/08\/86705_3-1.jpg","jetpack_shortlink":"https:\/\/wp.me\/p6RhLt-9MD","jetpack_sharing_enabled":true,"_links":{"self":[{"href":"https:\/\/eldiariodesanpedro.com.ar\/sitio\/wp-json\/wp\/v2\/posts\/37611","targetHints":{"allow":["GET"]}}],"collection":[{"href":"https:\/\/eldiariodesanpedro.com.ar\/sitio\/wp-json\/wp\/v2\/posts"}],"about":[{"href":"https:\/\/eldiariodesanpedro.com.ar\/sitio\/wp-json\/wp\/v2\/types\/post"}],"author":[{"embeddable":true,"href":"https:\/\/eldiariodesanpedro.com.ar\/sitio\/wp-json\/wp\/v2\/users\/4"}],"replies":[{"embeddable":true,"href":"https:\/\/eldiariodesanpedro.com.ar\/sitio\/wp-json\/wp\/v2\/comments?post=37611"}],"version-history":[{"count":1,"href":"https:\/\/eldiariodesanpedro.com.ar\/sitio\/wp-json\/wp\/v2\/posts\/37611\/revisions"}],"predecessor-version":[{"id":37613,"href":"https:\/\/eldiariodesanpedro.com.ar\/sitio\/wp-json\/wp\/v2\/posts\/37611\/revisions\/37613"}],"wp:featuredmedia":[{"embeddable":true,"href":"https:\/\/eldiariodesanpedro.com.ar\/sitio\/wp-json\/wp\/v2\/media\/37612"}],"wp:attachment":[{"href":"https:\/\/eldiariodesanpedro.com.ar\/sitio\/wp-json\/wp\/v2\/media?parent=37611"}],"wp:term":[{"taxonomy":"category","embeddable":true,"href":"https:\/\/eldiariodesanpedro.com.ar\/sitio\/wp-json\/wp\/v2\/categories?post=37611"},{"taxonomy":"post_tag","embeddable":true,"href":"https:\/\/eldiariodesanpedro.com.ar\/sitio\/wp-json\/wp\/v2\/tags?post=37611"}],"curies":[{"name":"wp","href":"https:\/\/api.w.org\/{rel}","templated":true}]}}