{"id":37608,"date":"2018-08-02T16:21:28","date_gmt":"2018-08-02T19:21:28","guid":{"rendered":"https:\/\/eldiariodesanpedro.com.ar\/sitio\/?p=37608"},"modified":"2018-08-02T16:21:28","modified_gmt":"2018-08-02T19:21:28","slug":"inicio-de-capacitaciones-en-la-sede-de-envion-villa-depietri","status":"publish","type":"post","link":"https:\/\/eldiariodesanpedro.com.ar\/sitio\/inicio-de-capacitaciones-en-la-sede-de-envion-villa-depietri\/","title":{"rendered":"Inicio de Capacitaciones en la Sede de Envi\u00f3n Villa Depietri"},"content":{"rendered":"<p><!-- VideographyWP Plugin Message: Automatic video embedding prevented by plugin options. --><br \/>\nEl Lunes 30 de Julio se dio inicio a los nuevos cursos abiertos a la comunidad en la Sede de Envi\u00f3n en Villa Depietri.<\/p>\n<p>Los mismos, son Introducci\u00f3n al Trabajo y Autogesti\u00f3n de Emprendimientos, dictados por el Equipo T\u00e9cnico de la Oficina de Empleo.<\/p>\n<p>El curso de peluquer\u00eda es dictado por la instructora Mar\u00eda Haidee Villalba  y el de cocina por el instructor Eduardo Solis.<\/p>\n<p>Estos talleres buscan fomentar el v\u00ednculo entre el municipio y la comunidad con el fin de capacitar, como tambi\u00e9n brindar recursos para el empoderamiento de la mujer,  potenciando su rol protag\u00f3nico tanto en la familia como en en la sociedad. <\/p>\n","protected":false},"excerpt":{"rendered":"<p>El Lunes 30 de Julio se dio inicio a los nuevos cursos abiertos a la comunidad en la Sede de Envi\u00f3n en Villa Depietri. Los mismos, son Introducci\u00f3n al Trabajo y Autogesti\u00f3n de Emprendimientos, dictados por el Equipo T\u00e9cnico de la Oficina de Empleo. El curso de peluquer\u00eda es dictado por la instructora Mar\u00eda Haidee [&hellip;]<\/p>\n","protected":false},"author":4,"featured_media":37609,"comment_status":"open","ping_status":"closed","sticky":false,"template":"","format":"standard","meta":{"om_disable_all_campaigns":false,"_jetpack_memberships_contains_paid_content":false,"footnotes":""},"categories":[101,2],"tags":[],"class_list":["post-37608","post","type-post","status-publish","format-standard","has-post-thumbnail","hentry","category-interes-general-locales","category-locales"],"aioseo_notices":[],"gutentor_comment":0,"jetpack_featured_media_url":"https:\/\/eldiariodesanpedro.com.ar\/sitio\/wp-content\/uploads\/2018\/08\/2.jpg","jetpack_shortlink":"https:\/\/wp.me\/p6RhLt-9MA","jetpack_sharing_enabled":true,"_links":{"self":[{"href":"https:\/\/eldiariodesanpedro.com.ar\/sitio\/wp-json\/wp\/v2\/posts\/37608","targetHints":{"allow":["GET"]}}],"collection":[{"href":"https:\/\/eldiariodesanpedro.com.ar\/sitio\/wp-json\/wp\/v2\/posts"}],"about":[{"href":"https:\/\/eldiariodesanpedro.com.ar\/sitio\/wp-json\/wp\/v2\/types\/post"}],"author":[{"embeddable":true,"href":"https:\/\/eldiariodesanpedro.com.ar\/sitio\/wp-json\/wp\/v2\/users\/4"}],"replies":[{"embeddable":true,"href":"https:\/\/eldiariodesanpedro.com.ar\/sitio\/wp-json\/wp\/v2\/comments?post=37608"}],"version-history":[{"count":1,"href":"https:\/\/eldiariodesanpedro.com.ar\/sitio\/wp-json\/wp\/v2\/posts\/37608\/revisions"}],"predecessor-version":[{"id":37610,"href":"https:\/\/eldiariodesanpedro.com.ar\/sitio\/wp-json\/wp\/v2\/posts\/37608\/revisions\/37610"}],"wp:featuredmedia":[{"embeddable":true,"href":"https:\/\/eldiariodesanpedro.com.ar\/sitio\/wp-json\/wp\/v2\/media\/37609"}],"wp:attachment":[{"href":"https:\/\/eldiariodesanpedro.com.ar\/sitio\/wp-json\/wp\/v2\/media?parent=37608"}],"wp:term":[{"taxonomy":"category","embeddable":true,"href":"https:\/\/eldiariodesanpedro.com.ar\/sitio\/wp-json\/wp\/v2\/categories?post=37608"},{"taxonomy":"post_tag","embeddable":true,"href":"https:\/\/eldiariodesanpedro.com.ar\/sitio\/wp-json\/wp\/v2\/tags?post=37608"}],"curies":[{"name":"wp","href":"https:\/\/api.w.org\/{rel}","templated":true}]}}