{"id":37606,"date":"2018-08-02T16:09:20","date_gmt":"2018-08-02T19:09:20","guid":{"rendered":"https:\/\/eldiariodesanpedro.com.ar\/sitio\/?p=37606"},"modified":"2018-08-02T16:09:20","modified_gmt":"2018-08-02T19:09:20","slug":"despues-de-52-anos-cerro-sus-puertas-el-hotel-costa-azul","status":"publish","type":"post","link":"https:\/\/eldiariodesanpedro.com.ar\/sitio\/despues-de-52-anos-cerro-sus-puertas-el-hotel-costa-azul\/","title":{"rendered":"Despu\u00e9s de 52 a\u00f1os, cerr\u00f3 sus puertas el Hotel Costa Azul"},"content":{"rendered":"<p><!-- VideographyWP Plugin Message: Automatic video embedding prevented by plugin options. --><br \/>\nEl Hotel de 3,3 estrellas est\u00e1 ubicado sobre la calle Carlos Pellegrini 55 de nuestra ciudad, es uno de los hoteles m\u00e1s hist\u00f3ricos que tiene San Pedro. Hoy, tristemente, cerr\u00f3 definitivamente sus puertas, como nunca lo hab\u00eda hecho antes. Se encontraba abierto desde el a\u00f1o 1966 hasta el pasado 31 de Julio.<\/p>\n<p>Un lugar familiar, para el turismo, para estad\u00edas laborales. Contaba con habitaciones con ba\u00f1o privado, LCD, calefacci\u00f3n, aire acondicionado, cochera para m\u00e1s de 20 autos; est\u00e1 ubicado en la zona c\u00e9ntrica de la ciudad, a metros de la costa.<\/p>\n<p>El Diario de San Pedro visit\u00f3 este mediod\u00eda el lugar y dialogamos con su propietario, el Sr. Guarner y, una mucama; mejor dicho, ex mucama, pero que nos explicaba \u00abtenemos una relaci\u00f3n de familia, hace 13 a\u00f1os que trabajo aqu\u00ed, fuimos pasando de generaci\u00f3n en generaci\u00f3n, primero mi mam\u00e1, despu\u00e9s yo y tambien mi hija, nos sent\u00edamos como en casa\u00bb.<\/p>\n<p>Guarner ex banquero del Banco Provincia y propietario del mismo nos explicaba que era muy dif\u00edcil mantenerlo, ten\u00eda que estar abierto las 24hs, con personal cubriendo con turnos rotativos y, tambi\u00e9n un sereno que se quedaba toda la noche. \u00ab\u00daltimamente s\u00f3lo el Festival Country llenaba el Hotel, fuimos uno de los primeros en decirle que s\u00ed a Laurino cuando nos consult\u00f3 si se pod\u00edan alojar los m\u00fasicos para colaborar con la fiesta, en este evento pr\u00f3ximo no s\u00e9 c\u00f3mo van hacer ya que tuvimos que dar de baja todas las reservaciones\u00bb, y agreg\u00f3 \u00abhace 5 a\u00f1os que fue decayendo, desde que vino la \u00faltima inundaci\u00f3n que para nosotros el turismo no remont\u00f3 m\u00e1s y nos afect\u00f3 much\u00edsimo, es dif\u00edcil mantener a las mucamas como corresponde, con las cargas sociales y todo lo que corresponde para que est\u00e9n bien trabajando y, ni hablar de tener todos los impuestos al d\u00eda\u00bb.<\/p>\n<p>Recorriendo el interior, la mujer que nos acompa\u00f1aba nos iba contando con mucha nostalgia los a\u00f1os vividos all\u00ed, los de ella fueron 13 y los de su madre 27 y 8 a\u00f1os su hija; \u00abel \u00faltimo fin de semana largo no fue muy bueno y la gente que vino en las vacaciones de invierno se quejaba porque no ten\u00edan d\u00f3nde ir, los museos estaban cerrados, s\u00f3lo el Museo Paleontol\u00f3gico estaba abierto durante la semana, el Hist\u00f3rico y el del Pato Morresi no\u00bb.<\/p>\n<p>Por \u00faltimo, Guarner nos confiesa: \u00abSoy jubilado y con 82 a\u00f1os todav\u00eda sigo trabajando, mis hijos quedaron a cargo hace bastante del lugar, pero les pidieron una locura de dinero para renovar la habilitaci\u00f3n del Hotel y se nos hace imposible poder pagarla. Nos dieron tiempo para hacer los tr\u00e1mites, pero es lo mismo; habr\u00e1 que esperar por si mejora la situaci\u00f3n del pa\u00eds en alg\u00fan momento, mientras tanto es la primera vez en 52 a\u00f1os que cerramos definitivamente\u00bb.<\/p>\n<p><img decoding=\"async\" data-attachment-id=\"37603\" data-permalink=\"https:\/\/eldiariodesanpedro.com.ar\/sitio\/despues-de-52-anos-cerro-sus-puertas-el-hotel-costa-azul\/20180802_121104\/\" data-orig-file=\"https:\/\/eldiariodesanpedro.com.ar\/sitio\/wp-content\/uploads\/2018\/08\/20180802_121104-e1533236821601.jpg\" data-orig-size=\"1200,583\" data-comments-opened=\"1\" data-image-meta=\"{&quot;aperture&quot;:&quot;1.7&quot;,&quot;credit&quot;:&quot;&quot;,&quot;camera&quot;:&quot;SM-N950F&quot;,&quot;caption&quot;:&quot;&quot;,&quot;created_timestamp&quot;:&quot;1533211864&quot;,&quot;copyright&quot;:&quot;&quot;,&quot;focal_length&quot;:&quot;4.3&quot;,&quot;iso&quot;:&quot;40&quot;,&quot;shutter_speed&quot;:&quot;0.00125&quot;,&quot;title&quot;:&quot;&quot;,&quot;orientation&quot;:&quot;1&quot;}\" data-image-title=\"20180802_121104\" data-image-description=\"\" data-image-caption=\"\" data-large-file=\"https:\/\/eldiariodesanpedro.com.ar\/sitio\/wp-content\/uploads\/2018\/08\/20180802_121104-1024x498.jpg\" class=\"size-large wp-image-37603 aligncenter lazyload\" data-src=\"https:\/\/eldiariodesanpedro.com.ar\/sitio\/wp-content\/uploads\/2018\/08\/20180802_121104-1024x498.jpg\" alt=\"\" width=\"660\" height=\"321\" src=\"data:image\/svg+xml;base64,PHN2ZyB3aWR0aD0iMSIgaGVpZ2h0PSIxIiB4bWxucz0iaHR0cDovL3d3dy53My5vcmcvMjAwMC9zdmciPjwvc3ZnPg==\" style=\"--smush-placeholder-width: 660px; --smush-placeholder-aspect-ratio: 660\/321;\" \/><\/p>\n<p><img decoding=\"async\" data-attachment-id=\"37598\" data-permalink=\"https:\/\/eldiariodesanpedro.com.ar\/sitio\/despues-de-52-anos-cerro-sus-puertas-el-hotel-costa-azul\/20180802_121048\/\" data-orig-file=\"https:\/\/eldiariodesanpedro.com.ar\/sitio\/wp-content\/uploads\/2018\/08\/20180802_121048-e1533236803257.jpg\" data-orig-size=\"1200,583\" data-comments-opened=\"1\" data-image-meta=\"{&quot;aperture&quot;:&quot;1.7&quot;,&quot;credit&quot;:&quot;&quot;,&quot;camera&quot;:&quot;SM-N950F&quot;,&quot;caption&quot;:&quot;&quot;,&quot;created_timestamp&quot;:&quot;1533211848&quot;,&quot;copyright&quot;:&quot;&quot;,&quot;focal_length&quot;:&quot;4.3&quot;,&quot;iso&quot;:&quot;160&quot;,&quot;shutter_speed&quot;:&quot;0.016666666666667&quot;,&quot;title&quot;:&quot;&quot;,&quot;orientation&quot;:&quot;1&quot;}\" data-image-title=\"20180802_121048\" data-image-description=\"\" data-image-caption=\"\" data-large-file=\"https:\/\/eldiariodesanpedro.com.ar\/sitio\/wp-content\/uploads\/2018\/08\/20180802_121048-1024x498.jpg\" class=\"size-large wp-image-37598 aligncenter lazyload\" data-src=\"https:\/\/eldiariodesanpedro.com.ar\/sitio\/wp-content\/uploads\/2018\/08\/20180802_121048-1024x498.jpg\" alt=\"\" width=\"660\" height=\"321\" src=\"data:image\/svg+xml;base64,PHN2ZyB3aWR0aD0iMSIgaGVpZ2h0PSIxIiB4bWxucz0iaHR0cDovL3d3dy53My5vcmcvMjAwMC9zdmciPjwvc3ZnPg==\" style=\"--smush-placeholder-width: 660px; --smush-placeholder-aspect-ratio: 660\/321;\" \/><\/p>\n<p><img decoding=\"async\" data-attachment-id=\"37597\" data-permalink=\"https:\/\/eldiariodesanpedro.com.ar\/sitio\/despues-de-52-anos-cerro-sus-puertas-el-hotel-costa-azul\/20180802_120926\/\" data-orig-file=\"https:\/\/eldiariodesanpedro.com.ar\/sitio\/wp-content\/uploads\/2018\/08\/20180802_120926-e1533236781234.jpg\" data-orig-size=\"1200,583\" data-comments-opened=\"1\" data-image-meta=\"{&quot;aperture&quot;:&quot;1.7&quot;,&quot;credit&quot;:&quot;&quot;,&quot;camera&quot;:&quot;SM-N950F&quot;,&quot;caption&quot;:&quot;&quot;,&quot;created_timestamp&quot;:&quot;1533211766&quot;,&quot;copyright&quot;:&quot;&quot;,&quot;focal_length&quot;:&quot;4.3&quot;,&quot;iso&quot;:&quot;40&quot;,&quot;shutter_speed&quot;:&quot;0.0058479532163743&quot;,&quot;title&quot;:&quot;&quot;,&quot;orientation&quot;:&quot;1&quot;}\" data-image-title=\"20180802_120926\" data-image-description=\"\" data-image-caption=\"\" data-large-file=\"https:\/\/eldiariodesanpedro.com.ar\/sitio\/wp-content\/uploads\/2018\/08\/20180802_120926-1024x498.jpg\" class=\"size-large wp-image-37597 aligncenter lazyload\" data-src=\"https:\/\/eldiariodesanpedro.com.ar\/sitio\/wp-content\/uploads\/2018\/08\/20180802_120926-1024x498.jpg\" alt=\"\" width=\"660\" height=\"321\" src=\"data:image\/svg+xml;base64,PHN2ZyB3aWR0aD0iMSIgaGVpZ2h0PSIxIiB4bWxucz0iaHR0cDovL3d3dy53My5vcmcvMjAwMC9zdmciPjwvc3ZnPg==\" style=\"--smush-placeholder-width: 660px; --smush-placeholder-aspect-ratio: 660\/321;\" \/><\/p>\n<p><img decoding=\"async\" data-attachment-id=\"37596\" data-permalink=\"https:\/\/eldiariodesanpedro.com.ar\/sitio\/despues-de-52-anos-cerro-sus-puertas-el-hotel-costa-azul\/20180802_120824\/\" data-orig-file=\"https:\/\/eldiariodesanpedro.com.ar\/sitio\/wp-content\/uploads\/2018\/08\/20180802_120824-e1533236765639.jpg\" data-orig-size=\"1200,583\" data-comments-opened=\"1\" data-image-meta=\"{&quot;aperture&quot;:&quot;1.7&quot;,&quot;credit&quot;:&quot;&quot;,&quot;camera&quot;:&quot;SM-N950F&quot;,&quot;caption&quot;:&quot;&quot;,&quot;created_timestamp&quot;:&quot;1533211704&quot;,&quot;copyright&quot;:&quot;&quot;,&quot;focal_length&quot;:&quot;4.3&quot;,&quot;iso&quot;:&quot;40&quot;,&quot;shutter_speed&quot;:&quot;0.00075757575757576&quot;,&quot;title&quot;:&quot;&quot;,&quot;orientation&quot;:&quot;1&quot;}\" data-image-title=\"20180802_120824\" data-image-description=\"\" data-image-caption=\"\" data-large-file=\"https:\/\/eldiariodesanpedro.com.ar\/sitio\/wp-content\/uploads\/2018\/08\/20180802_120824-1024x498.jpg\" class=\"size-large wp-image-37596 aligncenter lazyload\" data-src=\"https:\/\/eldiariodesanpedro.com.ar\/sitio\/wp-content\/uploads\/2018\/08\/20180802_120824-1024x498.jpg\" alt=\"\" width=\"660\" height=\"321\" src=\"data:image\/svg+xml;base64,PHN2ZyB3aWR0aD0iMSIgaGVpZ2h0PSIxIiB4bWxucz0iaHR0cDovL3d3dy53My5vcmcvMjAwMC9zdmciPjwvc3ZnPg==\" style=\"--smush-placeholder-width: 660px; --smush-placeholder-aspect-ratio: 660\/321;\" \/><\/p>\n<p><img decoding=\"async\" data-attachment-id=\"37595\" data-permalink=\"https:\/\/eldiariodesanpedro.com.ar\/sitio\/despues-de-52-anos-cerro-sus-puertas-el-hotel-costa-azul\/20180802_120907\/\" data-orig-file=\"https:\/\/eldiariodesanpedro.com.ar\/sitio\/wp-content\/uploads\/2018\/08\/20180802_120907-e1533236747863.jpg\" data-orig-size=\"1200,583\" data-comments-opened=\"1\" data-image-meta=\"{&quot;aperture&quot;:&quot;1.7&quot;,&quot;credit&quot;:&quot;&quot;,&quot;camera&quot;:&quot;SM-N950F&quot;,&quot;caption&quot;:&quot;&quot;,&quot;created_timestamp&quot;:&quot;1533211747&quot;,&quot;copyright&quot;:&quot;&quot;,&quot;focal_length&quot;:&quot;4.3&quot;,&quot;iso&quot;:&quot;40&quot;,&quot;shutter_speed&quot;:&quot;0.00021258503401361&quot;,&quot;title&quot;:&quot;&quot;,&quot;orientation&quot;:&quot;1&quot;}\" data-image-title=\"20180802_120907\" data-image-description=\"\" data-image-caption=\"\" data-large-file=\"https:\/\/eldiariodesanpedro.com.ar\/sitio\/wp-content\/uploads\/2018\/08\/20180802_120907-1024x498.jpg\" class=\"size-large wp-image-37595 aligncenter lazyload\" data-src=\"https:\/\/eldiariodesanpedro.com.ar\/sitio\/wp-content\/uploads\/2018\/08\/20180802_120907-1024x498.jpg\" alt=\"\" width=\"660\" height=\"321\" src=\"data:image\/svg+xml;base64,PHN2ZyB3aWR0aD0iMSIgaGVpZ2h0PSIxIiB4bWxucz0iaHR0cDovL3d3dy53My5vcmcvMjAwMC9zdmciPjwvc3ZnPg==\" style=\"--smush-placeholder-width: 660px; --smush-placeholder-aspect-ratio: 660\/321;\" \/><\/p>\n<p><img decoding=\"async\" data-attachment-id=\"37589\" data-permalink=\"https:\/\/eldiariodesanpedro.com.ar\/sitio\/despues-de-52-anos-cerro-sus-puertas-el-hotel-costa-azul\/20180802_120258\/\" data-orig-file=\"https:\/\/eldiariodesanpedro.com.ar\/sitio\/wp-content\/uploads\/2018\/08\/20180802_120258-e1533236733170.jpg\" data-orig-size=\"1200,583\" data-comments-opened=\"1\" data-image-meta=\"{&quot;aperture&quot;:&quot;1.7&quot;,&quot;credit&quot;:&quot;&quot;,&quot;camera&quot;:&quot;SM-N950F&quot;,&quot;caption&quot;:&quot;&quot;,&quot;created_timestamp&quot;:&quot;1533211378&quot;,&quot;copyright&quot;:&quot;&quot;,&quot;focal_length&quot;:&quot;4.3&quot;,&quot;iso&quot;:&quot;250&quot;,&quot;shutter_speed&quot;:&quot;0.1&quot;,&quot;title&quot;:&quot;&quot;,&quot;orientation&quot;:&quot;1&quot;}\" data-image-title=\"20180802_120258\" data-image-description=\"\" data-image-caption=\"\" data-large-file=\"https:\/\/eldiariodesanpedro.com.ar\/sitio\/wp-content\/uploads\/2018\/08\/20180802_120258-1024x498.jpg\" class=\"size-large wp-image-37589 aligncenter lazyload\" data-src=\"https:\/\/eldiariodesanpedro.com.ar\/sitio\/wp-content\/uploads\/2018\/08\/20180802_120258-1024x498.jpg\" alt=\"\" width=\"660\" height=\"321\" src=\"data:image\/svg+xml;base64,PHN2ZyB3aWR0aD0iMSIgaGVpZ2h0PSIxIiB4bWxucz0iaHR0cDovL3d3dy53My5vcmcvMjAwMC9zdmciPjwvc3ZnPg==\" style=\"--smush-placeholder-width: 660px; --smush-placeholder-aspect-ratio: 660\/321;\" \/><\/p>\n<p><img decoding=\"async\" data-attachment-id=\"37588\" data-permalink=\"https:\/\/eldiariodesanpedro.com.ar\/sitio\/despues-de-52-anos-cerro-sus-puertas-el-hotel-costa-azul\/20180802_120158\/\" data-orig-file=\"https:\/\/eldiariodesanpedro.com.ar\/sitio\/wp-content\/uploads\/2018\/08\/20180802_120158-e1533236695455.jpg\" data-orig-size=\"1200,583\" data-comments-opened=\"1\" data-image-meta=\"{&quot;aperture&quot;:&quot;1.7&quot;,&quot;credit&quot;:&quot;&quot;,&quot;camera&quot;:&quot;SM-N950F&quot;,&quot;caption&quot;:&quot;&quot;,&quot;created_timestamp&quot;:&quot;1533211318&quot;,&quot;copyright&quot;:&quot;&quot;,&quot;focal_length&quot;:&quot;4.3&quot;,&quot;iso&quot;:&quot;400&quot;,&quot;shutter_speed&quot;:&quot;0.02&quot;,&quot;title&quot;:&quot;&quot;,&quot;orientation&quot;:&quot;1&quot;}\" data-image-title=\"20180802_120158\" data-image-description=\"\" data-image-caption=\"\" data-large-file=\"https:\/\/eldiariodesanpedro.com.ar\/sitio\/wp-content\/uploads\/2018\/08\/20180802_120158-1024x498.jpg\" class=\"size-large wp-image-37588 aligncenter lazyload\" data-src=\"https:\/\/eldiariodesanpedro.com.ar\/sitio\/wp-content\/uploads\/2018\/08\/20180802_120158-1024x498.jpg\" alt=\"\" width=\"660\" height=\"321\" src=\"data:image\/svg+xml;base64,PHN2ZyB3aWR0aD0iMSIgaGVpZ2h0PSIxIiB4bWxucz0iaHR0cDovL3d3dy53My5vcmcvMjAwMC9zdmciPjwvc3ZnPg==\" style=\"--smush-placeholder-width: 660px; --smush-placeholder-aspect-ratio: 660\/321;\" \/><\/p>\n<p><img decoding=\"async\" data-attachment-id=\"37584\" data-permalink=\"https:\/\/eldiariodesanpedro.com.ar\/sitio\/despues-de-52-anos-cerro-sus-puertas-el-hotel-costa-azul\/20180802_110358\/\" data-orig-file=\"https:\/\/eldiariodesanpedro.com.ar\/sitio\/wp-content\/uploads\/2018\/08\/20180802_110358-e1533236656957.jpg\" data-orig-size=\"1200,583\" data-comments-opened=\"1\" data-image-meta=\"{&quot;aperture&quot;:&quot;1.7&quot;,&quot;credit&quot;:&quot;&quot;,&quot;camera&quot;:&quot;SM-N950F&quot;,&quot;caption&quot;:&quot;&quot;,&quot;created_timestamp&quot;:&quot;1533207838&quot;,&quot;copyright&quot;:&quot;&quot;,&quot;focal_length&quot;:&quot;4.3&quot;,&quot;iso&quot;:&quot;40&quot;,&quot;shutter_speed&quot;:&quot;0.0012376237623762&quot;,&quot;title&quot;:&quot;&quot;,&quot;orientation&quot;:&quot;1&quot;}\" data-image-title=\"20180802_110358\" data-image-description=\"\" data-image-caption=\"\" data-large-file=\"https:\/\/eldiariodesanpedro.com.ar\/sitio\/wp-content\/uploads\/2018\/08\/20180802_110358-1024x498.jpg\" class=\"size-large wp-image-37584 aligncenter lazyload\" data-src=\"https:\/\/eldiariodesanpedro.com.ar\/sitio\/wp-content\/uploads\/2018\/08\/20180802_110358-1024x498.jpg\" alt=\"\" width=\"660\" height=\"321\" src=\"data:image\/svg+xml;base64,PHN2ZyB3aWR0aD0iMSIgaGVpZ2h0PSIxIiB4bWxucz0iaHR0cDovL3d3dy53My5vcmcvMjAwMC9zdmciPjwvc3ZnPg==\" style=\"--smush-placeholder-width: 660px; --smush-placeholder-aspect-ratio: 660\/321;\" \/><\/p>\n","protected":false},"excerpt":{"rendered":"<p>El Hotel de 3,3 estrellas est\u00e1 ubicado sobre la calle Carlos Pellegrini 55 de nuestra ciudad, es uno de los hoteles m\u00e1s hist\u00f3ricos que tiene San Pedro. Hoy, tristemente, cerr\u00f3 definitivamente sus puertas, como nunca lo hab\u00eda hecho antes. Se encontraba abierto desde el a\u00f1o 1966 hasta el pasado 31 de Julio. Un lugar familiar, [&hellip;]<\/p>\n","protected":false},"author":4,"featured_media":37584,"comment_status":"open","ping_status":"closed","sticky":false,"template":"","format":"standard","meta":{"om_disable_all_campaigns":false,"_jetpack_memberships_contains_paid_content":false,"footnotes":""},"categories":[50,101,2],"tags":[],"class_list":["post-37606","post","type-post","status-publish","format-standard","has-post-thumbnail","hentry","category-destacadas","category-interes-general-locales","category-locales"],"aioseo_notices":[],"gutentor_comment":1,"jetpack_featured_media_url":"https:\/\/eldiariodesanpedro.com.ar\/sitio\/wp-content\/uploads\/2018\/08\/20180802_110358-e1533236656957.jpg","jetpack_shortlink":"https:\/\/wp.me\/p6RhLt-9My","jetpack_sharing_enabled":true,"_links":{"self":[{"href":"https:\/\/eldiariodesanpedro.com.ar\/sitio\/wp-json\/wp\/v2\/posts\/37606","targetHints":{"allow":["GET"]}}],"collection":[{"href":"https:\/\/eldiariodesanpedro.com.ar\/sitio\/wp-json\/wp\/v2\/posts"}],"about":[{"href":"https:\/\/eldiariodesanpedro.com.ar\/sitio\/wp-json\/wp\/v2\/types\/post"}],"author":[{"embeddable":true,"href":"https:\/\/eldiariodesanpedro.com.ar\/sitio\/wp-json\/wp\/v2\/users\/4"}],"replies":[{"embeddable":true,"href":"https:\/\/eldiariodesanpedro.com.ar\/sitio\/wp-json\/wp\/v2\/comments?post=37606"}],"version-history":[{"count":1,"href":"https:\/\/eldiariodesanpedro.com.ar\/sitio\/wp-json\/wp\/v2\/posts\/37606\/revisions"}],"predecessor-version":[{"id":37607,"href":"https:\/\/eldiariodesanpedro.com.ar\/sitio\/wp-json\/wp\/v2\/posts\/37606\/revisions\/37607"}],"wp:featuredmedia":[{"embeddable":true,"href":"https:\/\/eldiariodesanpedro.com.ar\/sitio\/wp-json\/wp\/v2\/media\/37584"}],"wp:attachment":[{"href":"https:\/\/eldiariodesanpedro.com.ar\/sitio\/wp-json\/wp\/v2\/media?parent=37606"}],"wp:term":[{"taxonomy":"category","embeddable":true,"href":"https:\/\/eldiariodesanpedro.com.ar\/sitio\/wp-json\/wp\/v2\/categories?post=37606"},{"taxonomy":"post_tag","embeddable":true,"href":"https:\/\/eldiariodesanpedro.com.ar\/sitio\/wp-json\/wp\/v2\/tags?post=37606"}],"curies":[{"name":"wp","href":"https:\/\/api.w.org\/{rel}","templated":true}]}}