{"id":37577,"date":"2018-08-02T14:13:57","date_gmt":"2018-08-02T17:13:57","guid":{"rendered":"https:\/\/eldiariodesanpedro.com.ar\/sitio\/?p=37577"},"modified":"2018-08-02T15:10:04","modified_gmt":"2018-08-02T18:10:04","slug":"la-ambulancia-del-same-sufrio-un-grave-accidente","status":"publish","type":"post","link":"https:\/\/eldiariodesanpedro.com.ar\/sitio\/la-ambulancia-del-same-sufrio-un-grave-accidente\/","title":{"rendered":"La ambulancia del SAME sufri\u00f3 un grave accidente"},"content":{"rendered":"<p><!-- VideographyWP Plugin Message: Automatic video embedding prevented by plugin options. --><br \/>\nUna ambulancia perteneciente al SAME colision\u00f3 vontra un utilitario.<\/p>\n<p>En horas de la tarde pasadas las 13:30 hs ocurri\u00f3 un accidente de tr\u00e1nsito entra la ambulancia del SAME y una camioneta Peugeot Partner perteneciente a una empresa instaladora de Direct TV.<\/p>\n<p>En la esquina de Salta e Irlanda se produjo el siniestro donde afortunadamente no hubo lesionados de gravedad.<\/p>\n<p>Los dos veh\u00edculos circulaban a alta velocidad teniendo en cuenta que la ambulancia se dirig\u00eda a la atenci\u00f3n de un menor de edad que momentos antes hab\u00eda sido golpeado por dos mayores en la estaci\u00f3n de servicio Sol, el menor se fue en su bicicleta gravemente lesionado por lo que era buscado por los patrulleros al momento de ser encontrado en Irlanda al 300 la ambulancia se dirig\u00eda a la atenci\u00f3n del mismo cuando sufri\u00f3 el encontronazo con el utilitario.<\/p>\n<p><img decoding=\"async\" data-attachment-id=\"37579\" data-permalink=\"https:\/\/eldiariodesanpedro.com.ar\/sitio\/la-ambulancia-del-same-sufrio-un-grave-accidente\/20180802_134542\/\" data-orig-file=\"https:\/\/eldiariodesanpedro.com.ar\/sitio\/wp-content\/uploads\/2018\/08\/20180802_134542-e1533233353194.jpg\" data-orig-size=\"1200,583\" data-comments-opened=\"1\" data-image-meta=\"{&quot;aperture&quot;:&quot;1.7&quot;,&quot;credit&quot;:&quot;&quot;,&quot;camera&quot;:&quot;SM-N950F&quot;,&quot;caption&quot;:&quot;&quot;,&quot;created_timestamp&quot;:&quot;1533217542&quot;,&quot;copyright&quot;:&quot;&quot;,&quot;focal_length&quot;:&quot;4.3&quot;,&quot;iso&quot;:&quot;40&quot;,&quot;shutter_speed&quot;:&quot;0.00025773195876289&quot;,&quot;title&quot;:&quot;&quot;,&quot;orientation&quot;:&quot;1&quot;}\" data-image-title=\"20180802_134542\" data-image-description=\"\" data-image-caption=\"\" data-large-file=\"https:\/\/eldiariodesanpedro.com.ar\/sitio\/wp-content\/uploads\/2018\/08\/20180802_134542-1024x498.jpg\" class=\"size-large wp-image-37579 aligncenter lazyload\" data-src=\"https:\/\/eldiariodesanpedro.com.ar\/sitio\/wp-content\/uploads\/2018\/08\/20180802_134542-1024x498.jpg\" alt=\"\" width=\"660\" height=\"321\" src=\"data:image\/svg+xml;base64,PHN2ZyB3aWR0aD0iMSIgaGVpZ2h0PSIxIiB4bWxucz0iaHR0cDovL3d3dy53My5vcmcvMjAwMC9zdmciPjwvc3ZnPg==\" style=\"--smush-placeholder-width: 660px; --smush-placeholder-aspect-ratio: 660\/321;\" \/><\/p>\n<p><img decoding=\"async\" data-attachment-id=\"37582\" data-permalink=\"https:\/\/eldiariodesanpedro.com.ar\/sitio\/la-ambulancia-del-same-sufrio-un-grave-accidente\/20180802_133510\/\" data-orig-file=\"https:\/\/eldiariodesanpedro.com.ar\/sitio\/wp-content\/uploads\/2018\/08\/20180802_133510-e1533233289353.jpg\" data-orig-size=\"1200,583\" data-comments-opened=\"1\" data-image-meta=\"{&quot;aperture&quot;:&quot;1.7&quot;,&quot;credit&quot;:&quot;&quot;,&quot;camera&quot;:&quot;SM-N950F&quot;,&quot;caption&quot;:&quot;&quot;,&quot;created_timestamp&quot;:&quot;1533216910&quot;,&quot;copyright&quot;:&quot;&quot;,&quot;focal_length&quot;:&quot;4.3&quot;,&quot;iso&quot;:&quot;40&quot;,&quot;shutter_speed&quot;:&quot;0.00020764119601329&quot;,&quot;title&quot;:&quot;&quot;,&quot;orientation&quot;:&quot;1&quot;}\" data-image-title=\"20180802_133510\" data-image-description=\"\" data-image-caption=\"\" data-large-file=\"https:\/\/eldiariodesanpedro.com.ar\/sitio\/wp-content\/uploads\/2018\/08\/20180802_133510-1024x498.jpg\" class=\"size-large wp-image-37582 aligncenter lazyload\" data-src=\"https:\/\/eldiariodesanpedro.com.ar\/sitio\/wp-content\/uploads\/2018\/08\/20180802_133510-1024x498.jpg\" alt=\"\" width=\"660\" height=\"321\" src=\"data:image\/svg+xml;base64,PHN2ZyB3aWR0aD0iMSIgaGVpZ2h0PSIxIiB4bWxucz0iaHR0cDovL3d3dy53My5vcmcvMjAwMC9zdmciPjwvc3ZnPg==\" style=\"--smush-placeholder-width: 660px; --smush-placeholder-aspect-ratio: 660\/321;\" \/><\/p>\n<p><img decoding=\"async\" data-attachment-id=\"37585\" data-permalink=\"https:\/\/eldiariodesanpedro.com.ar\/sitio\/la-ambulancia-del-same-sufrio-un-grave-accidente\/20180802_132934\/\" data-orig-file=\"https:\/\/eldiariodesanpedro.com.ar\/sitio\/wp-content\/uploads\/2018\/08\/20180802_132934-e1533233313537.jpg\" data-orig-size=\"1200,583\" data-comments-opened=\"1\" data-image-meta=\"{&quot;aperture&quot;:&quot;1.7&quot;,&quot;credit&quot;:&quot;&quot;,&quot;camera&quot;:&quot;SM-N950F&quot;,&quot;caption&quot;:&quot;&quot;,&quot;created_timestamp&quot;:&quot;1533216574&quot;,&quot;copyright&quot;:&quot;&quot;,&quot;focal_length&quot;:&quot;4.3&quot;,&quot;iso&quot;:&quot;40&quot;,&quot;shutter_speed&quot;:&quot;0.00025987525987526&quot;,&quot;title&quot;:&quot;&quot;,&quot;orientation&quot;:&quot;1&quot;}\" data-image-title=\"20180802_132934\" data-image-description=\"\" data-image-caption=\"\" data-large-file=\"https:\/\/eldiariodesanpedro.com.ar\/sitio\/wp-content\/uploads\/2018\/08\/20180802_132934-1024x498.jpg\" class=\"size-large wp-image-37585 aligncenter lazyload\" data-src=\"https:\/\/eldiariodesanpedro.com.ar\/sitio\/wp-content\/uploads\/2018\/08\/20180802_132934-1024x498.jpg\" alt=\"\" width=\"660\" height=\"321\" src=\"data:image\/svg+xml;base64,PHN2ZyB3aWR0aD0iMSIgaGVpZ2h0PSIxIiB4bWxucz0iaHR0cDovL3d3dy53My5vcmcvMjAwMC9zdmciPjwvc3ZnPg==\" style=\"--smush-placeholder-width: 660px; --smush-placeholder-aspect-ratio: 660\/321;\" \/><\/p>\n<p><img decoding=\"async\" data-attachment-id=\"37594\" data-permalink=\"https:\/\/eldiariodesanpedro.com.ar\/sitio\/la-ambulancia-del-same-sufrio-un-grave-accidente\/20180802_133529\/\" data-orig-file=\"https:\/\/eldiariodesanpedro.com.ar\/sitio\/wp-content\/uploads\/2018\/08\/20180802_133529-e1533233270693.jpg\" data-orig-size=\"1200,583\" data-comments-opened=\"1\" data-image-meta=\"{&quot;aperture&quot;:&quot;1.7&quot;,&quot;credit&quot;:&quot;&quot;,&quot;camera&quot;:&quot;SM-N950F&quot;,&quot;caption&quot;:&quot;&quot;,&quot;created_timestamp&quot;:&quot;1533216929&quot;,&quot;copyright&quot;:&quot;&quot;,&quot;focal_length&quot;:&quot;4.3&quot;,&quot;iso&quot;:&quot;40&quot;,&quot;shutter_speed&quot;:&quot;0.00026881720430108&quot;,&quot;title&quot;:&quot;&quot;,&quot;orientation&quot;:&quot;1&quot;}\" data-image-title=\"20180802_133529\" data-image-description=\"\" data-image-caption=\"\" data-large-file=\"https:\/\/eldiariodesanpedro.com.ar\/sitio\/wp-content\/uploads\/2018\/08\/20180802_133529-1024x498.jpg\" class=\"size-large wp-image-37594 aligncenter lazyload\" data-src=\"https:\/\/eldiariodesanpedro.com.ar\/sitio\/wp-content\/uploads\/2018\/08\/20180802_133529-1024x498.jpg\" alt=\"\" width=\"660\" height=\"321\" src=\"data:image\/svg+xml;base64,PHN2ZyB3aWR0aD0iMSIgaGVpZ2h0PSIxIiB4bWxucz0iaHR0cDovL3d3dy53My5vcmcvMjAwMC9zdmciPjwvc3ZnPg==\" style=\"--smush-placeholder-width: 660px; --smush-placeholder-aspect-ratio: 660\/321;\" \/><\/p>\n<p><img decoding=\"async\" data-attachment-id=\"37601\" data-permalink=\"https:\/\/eldiariodesanpedro.com.ar\/sitio\/la-ambulancia-del-same-sufrio-un-grave-accidente\/20180802_132925\/\" data-orig-file=\"https:\/\/eldiariodesanpedro.com.ar\/sitio\/wp-content\/uploads\/2018\/08\/20180802_132925-e1533233248992.jpg\" data-orig-size=\"1200,583\" data-comments-opened=\"1\" data-image-meta=\"{&quot;aperture&quot;:&quot;1.7&quot;,&quot;credit&quot;:&quot;&quot;,&quot;camera&quot;:&quot;SM-N950F&quot;,&quot;caption&quot;:&quot;&quot;,&quot;created_timestamp&quot;:&quot;1533216565&quot;,&quot;copyright&quot;:&quot;&quot;,&quot;focal_length&quot;:&quot;4.3&quot;,&quot;iso&quot;:&quot;40&quot;,&quot;shutter_speed&quot;:&quot;0.00021701388888889&quot;,&quot;title&quot;:&quot;&quot;,&quot;orientation&quot;:&quot;1&quot;}\" data-image-title=\"20180802_132925\" data-image-description=\"\" data-image-caption=\"\" data-large-file=\"https:\/\/eldiariodesanpedro.com.ar\/sitio\/wp-content\/uploads\/2018\/08\/20180802_132925-1024x498.jpg\" class=\"size-large wp-image-37601 aligncenter lazyload\" data-src=\"https:\/\/eldiariodesanpedro.com.ar\/sitio\/wp-content\/uploads\/2018\/08\/20180802_132925-1024x498.jpg\" alt=\"\" width=\"660\" height=\"321\" src=\"data:image\/svg+xml;base64,PHN2ZyB3aWR0aD0iMSIgaGVpZ2h0PSIxIiB4bWxucz0iaHR0cDovL3d3dy53My5vcmcvMjAwMC9zdmciPjwvc3ZnPg==\" style=\"--smush-placeholder-width: 660px; --smush-placeholder-aspect-ratio: 660\/321;\" \/><\/p>\n","protected":false},"excerpt":{"rendered":"<p>Una ambulancia perteneciente al SAME colision\u00f3 vontra un utilitario. En horas de la tarde pasadas las 13:30 hs ocurri\u00f3 un accidente de tr\u00e1nsito entra la ambulancia del SAME y una camioneta Peugeot Partner perteneciente a una empresa instaladora de Direct TV. En la esquina de Salta e Irlanda se produjo el siniestro donde afortunadamente no [&hellip;]<\/p>\n","protected":false},"author":4,"featured_media":37578,"comment_status":"open","ping_status":"closed","sticky":false,"template":"","format":"standard","meta":{"om_disable_all_campaigns":false,"_jetpack_memberships_contains_paid_content":false,"footnotes":""},"categories":[50,2,103],"tags":[],"class_list":["post-37577","post","type-post","status-publish","format-standard","has-post-thumbnail","hentry","category-destacadas","category-locales","category-policiales-locales"],"aioseo_notices":[],"gutentor_comment":0,"jetpack_featured_media_url":"https:\/\/eldiariodesanpedro.com.ar\/sitio\/wp-content\/uploads\/2018\/08\/20180802_133532-e1533229909640.jpg","jetpack_shortlink":"https:\/\/wp.me\/p6RhLt-9M5","jetpack_sharing_enabled":true,"_links":{"self":[{"href":"https:\/\/eldiariodesanpedro.com.ar\/sitio\/wp-json\/wp\/v2\/posts\/37577","targetHints":{"allow":["GET"]}}],"collection":[{"href":"https:\/\/eldiariodesanpedro.com.ar\/sitio\/wp-json\/wp\/v2\/posts"}],"about":[{"href":"https:\/\/eldiariodesanpedro.com.ar\/sitio\/wp-json\/wp\/v2\/types\/post"}],"author":[{"embeddable":true,"href":"https:\/\/eldiariodesanpedro.com.ar\/sitio\/wp-json\/wp\/v2\/users\/4"}],"replies":[{"embeddable":true,"href":"https:\/\/eldiariodesanpedro.com.ar\/sitio\/wp-json\/wp\/v2\/comments?post=37577"}],"version-history":[{"count":3,"href":"https:\/\/eldiariodesanpedro.com.ar\/sitio\/wp-json\/wp\/v2\/posts\/37577\/revisions"}],"predecessor-version":[{"id":37605,"href":"https:\/\/eldiariodesanpedro.com.ar\/sitio\/wp-json\/wp\/v2\/posts\/37577\/revisions\/37605"}],"wp:featuredmedia":[{"embeddable":true,"href":"https:\/\/eldiariodesanpedro.com.ar\/sitio\/wp-json\/wp\/v2\/media\/37578"}],"wp:attachment":[{"href":"https:\/\/eldiariodesanpedro.com.ar\/sitio\/wp-json\/wp\/v2\/media?parent=37577"}],"wp:term":[{"taxonomy":"category","embeddable":true,"href":"https:\/\/eldiariodesanpedro.com.ar\/sitio\/wp-json\/wp\/v2\/categories?post=37577"},{"taxonomy":"post_tag","embeddable":true,"href":"https:\/\/eldiariodesanpedro.com.ar\/sitio\/wp-json\/wp\/v2\/tags?post=37577"}],"curies":[{"name":"wp","href":"https:\/\/api.w.org\/{rel}","templated":true}]}}