{"id":37573,"date":"2018-08-02T10:21:48","date_gmt":"2018-08-02T13:21:48","guid":{"rendered":"https:\/\/eldiariodesanpedro.com.ar\/sitio\/?p=37573"},"modified":"2018-08-02T10:21:48","modified_gmt":"2018-08-02T13:21:48","slug":"clases-de-entrenamiento-funcional-gratuitas-en-el-paseo-publico","status":"publish","type":"post","link":"https:\/\/eldiariodesanpedro.com.ar\/sitio\/clases-de-entrenamiento-funcional-gratuitas-en-el-paseo-publico\/","title":{"rendered":"Clases de entrenamiento funcional gratuitas en el Paseo P\u00fablico"},"content":{"rendered":"<p><!-- VideographyWP Plugin Message: Automatic video embedding prevented by plugin options. --><br \/>\nEl d\u00eda lunes 1 de agosto comenzaron las clases de entrenamiento funcional y running en el paseo P\u00fablico Municipal.<\/p>\n<p>Esta iniciativa de la Direcci\u00f3n de Deportes propone clases de dos turnos tres veces a la semana.<\/p>\n<p>El entrenador que desarrollar\u00e1 las clases es el profesor Ra\u00fal Llusa y las mismas ser\u00e1n los d\u00edas lunes, mi\u00e9rcoles y viernes a las 14:30 y 19 hs.<\/p>\n<p>Los interesados que quieran inscribirse deber\u00e1n concurrir a la clase y all\u00ed se proceder\u00e1 con la inscripci\u00f3n. Para m\u00e1s informaci\u00f3n comunicarse con la Direcci\u00f3n de Deportes al tel\u00e9fono 428-848 o por correo electr\u00f3nico a deportes@sanpedro.gob.ar.<\/p>\n","protected":false},"excerpt":{"rendered":"<p>El d\u00eda lunes 1 de agosto comenzaron las clases de entrenamiento funcional y running en el paseo P\u00fablico Municipal. Esta iniciativa de la Direcci\u00f3n de Deportes propone clases de dos turnos tres veces a la semana. El entrenador que desarrollar\u00e1 las clases es el profesor Ra\u00fal Llusa y las mismas ser\u00e1n los d\u00edas lunes, mi\u00e9rcoles [&hellip;]<\/p>\n","protected":false},"author":4,"featured_media":37574,"comment_status":"open","ping_status":"closed","sticky":false,"template":"","format":"standard","meta":{"om_disable_all_campaigns":false,"_jetpack_memberships_contains_paid_content":false,"footnotes":""},"categories":[101,2],"tags":[],"class_list":["post-37573","post","type-post","status-publish","format-standard","has-post-thumbnail","hentry","category-interes-general-locales","category-locales"],"aioseo_notices":[],"gutentor_comment":0,"jetpack_featured_media_url":"https:\/\/eldiariodesanpedro.com.ar\/sitio\/wp-content\/uploads\/2018\/08\/entrenamiento-deportes.png","jetpack_shortlink":"https:\/\/wp.me\/p6RhLt-9M1","jetpack_sharing_enabled":true,"_links":{"self":[{"href":"https:\/\/eldiariodesanpedro.com.ar\/sitio\/wp-json\/wp\/v2\/posts\/37573","targetHints":{"allow":["GET"]}}],"collection":[{"href":"https:\/\/eldiariodesanpedro.com.ar\/sitio\/wp-json\/wp\/v2\/posts"}],"about":[{"href":"https:\/\/eldiariodesanpedro.com.ar\/sitio\/wp-json\/wp\/v2\/types\/post"}],"author":[{"embeddable":true,"href":"https:\/\/eldiariodesanpedro.com.ar\/sitio\/wp-json\/wp\/v2\/users\/4"}],"replies":[{"embeddable":true,"href":"https:\/\/eldiariodesanpedro.com.ar\/sitio\/wp-json\/wp\/v2\/comments?post=37573"}],"version-history":[{"count":1,"href":"https:\/\/eldiariodesanpedro.com.ar\/sitio\/wp-json\/wp\/v2\/posts\/37573\/revisions"}],"predecessor-version":[{"id":37575,"href":"https:\/\/eldiariodesanpedro.com.ar\/sitio\/wp-json\/wp\/v2\/posts\/37573\/revisions\/37575"}],"wp:featuredmedia":[{"embeddable":true,"href":"https:\/\/eldiariodesanpedro.com.ar\/sitio\/wp-json\/wp\/v2\/media\/37574"}],"wp:attachment":[{"href":"https:\/\/eldiariodesanpedro.com.ar\/sitio\/wp-json\/wp\/v2\/media?parent=37573"}],"wp:term":[{"taxonomy":"category","embeddable":true,"href":"https:\/\/eldiariodesanpedro.com.ar\/sitio\/wp-json\/wp\/v2\/categories?post=37573"},{"taxonomy":"post_tag","embeddable":true,"href":"https:\/\/eldiariodesanpedro.com.ar\/sitio\/wp-json\/wp\/v2\/tags?post=37573"}],"curies":[{"name":"wp","href":"https:\/\/api.w.org\/{rel}","templated":true}]}}