{"id":37569,"date":"2018-08-02T09:28:58","date_gmt":"2018-08-02T12:28:58","guid":{"rendered":"https:\/\/eldiariodesanpedro.com.ar\/sitio\/?p=37569"},"modified":"2018-08-02T09:28:58","modified_gmt":"2018-08-02T12:28:58","slug":"amenazo-a-un-menor-con-un-arma-blanca-y-le-robo-su-celular","status":"publish","type":"post","link":"https:\/\/eldiariodesanpedro.com.ar\/sitio\/amenazo-a-un-menor-con-un-arma-blanca-y-le-robo-su-celular\/","title":{"rendered":"Amenaz\u00f3 a un menor con un arma blanca y le rob\u00f3 su celular"},"content":{"rendered":"<p><!-- VideographyWP Plugin Message: Automatic video embedding prevented by plugin options. --><br \/>\nUn menor de edad fue v\u00edctima de un robo en la v\u00eda p\u00fablica cuando iba caminando por Av.Sarmiento y al llegar a la intersecci\u00f3n con calle Maximo Millan, un delincuente lo sorprende intimidando con un arma blanca y le sustrajo el celular y efectos personales de menor valor d\u00e1ndose a la fuga r\u00e1pidamente; la v\u00edctima no sufri\u00f3 lesiones f\u00edsicas.<\/p>\n<p>Tambi\u00e9n se tom\u00f3  conocimiento por una denuncia de una ciudadana que momentos en los que se encontraba transitando por calle San Mart\u00edn y Olivera Cesar, un malviviente la intercepta y le sustrae su mochila con elementos varios y se da a la fuga corriendo.<\/p>\n","protected":false},"excerpt":{"rendered":"<p>Un menor de edad fue v\u00edctima de un robo en la v\u00eda p\u00fablica cuando iba caminando por Av.Sarmiento y al llegar a la intersecci\u00f3n con calle Maximo Millan, un delincuente lo sorprende intimidando con un arma blanca y le sustrajo el celular y efectos personales de menor valor d\u00e1ndose a la fuga r\u00e1pidamente; la v\u00edctima [&hellip;]<\/p>\n","protected":false},"author":4,"featured_media":37571,"comment_status":"open","ping_status":"closed","sticky":false,"template":"","format":"standard","meta":{"om_disable_all_campaigns":false,"_jetpack_memberships_contains_paid_content":false,"footnotes":""},"categories":[50,2,103],"tags":[],"class_list":["post-37569","post","type-post","status-publish","format-standard","has-post-thumbnail","hentry","category-destacadas","category-locales","category-policiales-locales"],"aioseo_notices":[],"gutentor_comment":0,"jetpack_featured_media_url":"https:\/\/eldiariodesanpedro.com.ar\/sitio\/wp-content\/uploads\/2018\/08\/arma_blanca_4.jpg","jetpack_shortlink":"https:\/\/wp.me\/p6RhLt-9LX","jetpack_sharing_enabled":true,"_links":{"self":[{"href":"https:\/\/eldiariodesanpedro.com.ar\/sitio\/wp-json\/wp\/v2\/posts\/37569","targetHints":{"allow":["GET"]}}],"collection":[{"href":"https:\/\/eldiariodesanpedro.com.ar\/sitio\/wp-json\/wp\/v2\/posts"}],"about":[{"href":"https:\/\/eldiariodesanpedro.com.ar\/sitio\/wp-json\/wp\/v2\/types\/post"}],"author":[{"embeddable":true,"href":"https:\/\/eldiariodesanpedro.com.ar\/sitio\/wp-json\/wp\/v2\/users\/4"}],"replies":[{"embeddable":true,"href":"https:\/\/eldiariodesanpedro.com.ar\/sitio\/wp-json\/wp\/v2\/comments?post=37569"}],"version-history":[{"count":1,"href":"https:\/\/eldiariodesanpedro.com.ar\/sitio\/wp-json\/wp\/v2\/posts\/37569\/revisions"}],"predecessor-version":[{"id":37572,"href":"https:\/\/eldiariodesanpedro.com.ar\/sitio\/wp-json\/wp\/v2\/posts\/37569\/revisions\/37572"}],"wp:featuredmedia":[{"embeddable":true,"href":"https:\/\/eldiariodesanpedro.com.ar\/sitio\/wp-json\/wp\/v2\/media\/37571"}],"wp:attachment":[{"href":"https:\/\/eldiariodesanpedro.com.ar\/sitio\/wp-json\/wp\/v2\/media?parent=37569"}],"wp:term":[{"taxonomy":"category","embeddable":true,"href":"https:\/\/eldiariodesanpedro.com.ar\/sitio\/wp-json\/wp\/v2\/categories?post=37569"},{"taxonomy":"post_tag","embeddable":true,"href":"https:\/\/eldiariodesanpedro.com.ar\/sitio\/wp-json\/wp\/v2\/tags?post=37569"}],"curies":[{"name":"wp","href":"https:\/\/api.w.org\/{rel}","templated":true}]}}