{"id":37567,"date":"2018-08-02T09:14:35","date_gmt":"2018-08-02T12:14:35","guid":{"rendered":"https:\/\/eldiariodesanpedro.com.ar\/sitio\/?p=37567"},"modified":"2018-08-02T09:14:35","modified_gmt":"2018-08-02T12:14:35","slug":"se-aprehendio-al-agresor-de-la-mujer-baleada","status":"publish","type":"post","link":"https:\/\/eldiariodesanpedro.com.ar\/sitio\/se-aprehendio-al-agresor-de-la-mujer-baleada\/","title":{"rendered":"Se aprehendi\u00f3 al agresor de la mujer baleada"},"content":{"rendered":"<p><!-- VideographyWP Plugin Message: Automatic video embedding prevented by plugin options. --><br \/>\nEste martes se conoci\u00f3 la noticia que en inmediaciones de Javier Rivero y General Pueyrred\u00f3n, donde un masculino con antecedentes tuvo un conflicto con una ciudadana de 31 a\u00f1os y efectu\u00f3 disparos de arma de fuego contra su vivienda. Uno de ellos le impact\u00f3 en una de sus manos, por lo que fue asistida en el Hospital Emilio Ruffa donde se constat\u00f3 que present\u00f3 una lesi\u00f3n leve ya que el proyectil no le afect\u00f3 ning\u00fan hueso de su mano. <\/p>\n<p>El caso fue caratulado como \u00ababuso de armas y lesiones leves\u00bb, que recay\u00f3 en la Fiscal\u00eda N\u00b0 5 del Dr Marcelo Manso donde este mi\u00e9rcoles por la noche se procedi\u00f3 a realizar una diligencia de allanamiento, en un domicilio sito en calle Independencia al 2200, donde reside un ciudadano con frondosos antecedentes de 30 a\u00f1os de edad (el mismo que denunci\u00f3 la victima) donde se le secuestro un revolver calibre 32 corto, 18 proyectiles calibre 32 y 1 calibre 22.<\/p>\n<p>Se procedi\u00f3 a la aprehensi\u00f3n del mismo, quedando alojado en la Dependencia local, donde se le notific\u00f3 por el delito de \u00ababuso de arma, lesiones leves y tenencia ilegal de arma de fuego de uso civil\u00bb.<\/p>\n","protected":false},"excerpt":{"rendered":"<p>Este martes se conoci\u00f3 la noticia que en inmediaciones de Javier Rivero y General Pueyrred\u00f3n, donde un masculino con antecedentes tuvo un conflicto con una ciudadana de 31 a\u00f1os y efectu\u00f3 disparos de arma de fuego contra su vivienda. Uno de ellos le impact\u00f3 en una de sus manos, por lo que fue asistida en [&hellip;]<\/p>\n","protected":false},"author":4,"featured_media":37564,"comment_status":"open","ping_status":"closed","sticky":false,"template":"","format":"standard","meta":{"om_disable_all_campaigns":false,"_jetpack_memberships_contains_paid_content":false,"footnotes":""},"categories":[50,2,103],"tags":[],"class_list":["post-37567","post","type-post","status-publish","format-standard","has-post-thumbnail","hentry","category-destacadas","category-locales","category-policiales-locales"],"aioseo_notices":[],"gutentor_comment":0,"jetpack_featured_media_url":"https:\/\/eldiariodesanpedro.com.ar\/sitio\/wp-content\/uploads\/2018\/08\/WhatsApp-Image-2018-08-02-at-08.36.36-e1533212043636.jpeg","jetpack_shortlink":"https:\/\/wp.me\/p6RhLt-9LV","jetpack_sharing_enabled":true,"_links":{"self":[{"href":"https:\/\/eldiariodesanpedro.com.ar\/sitio\/wp-json\/wp\/v2\/posts\/37567","targetHints":{"allow":["GET"]}}],"collection":[{"href":"https:\/\/eldiariodesanpedro.com.ar\/sitio\/wp-json\/wp\/v2\/posts"}],"about":[{"href":"https:\/\/eldiariodesanpedro.com.ar\/sitio\/wp-json\/wp\/v2\/types\/post"}],"author":[{"embeddable":true,"href":"https:\/\/eldiariodesanpedro.com.ar\/sitio\/wp-json\/wp\/v2\/users\/4"}],"replies":[{"embeddable":true,"href":"https:\/\/eldiariodesanpedro.com.ar\/sitio\/wp-json\/wp\/v2\/comments?post=37567"}],"version-history":[{"count":1,"href":"https:\/\/eldiariodesanpedro.com.ar\/sitio\/wp-json\/wp\/v2\/posts\/37567\/revisions"}],"predecessor-version":[{"id":37568,"href":"https:\/\/eldiariodesanpedro.com.ar\/sitio\/wp-json\/wp\/v2\/posts\/37567\/revisions\/37568"}],"wp:featuredmedia":[{"embeddable":true,"href":"https:\/\/eldiariodesanpedro.com.ar\/sitio\/wp-json\/wp\/v2\/media\/37564"}],"wp:attachment":[{"href":"https:\/\/eldiariodesanpedro.com.ar\/sitio\/wp-json\/wp\/v2\/media?parent=37567"}],"wp:term":[{"taxonomy":"category","embeddable":true,"href":"https:\/\/eldiariodesanpedro.com.ar\/sitio\/wp-json\/wp\/v2\/categories?post=37567"},{"taxonomy":"post_tag","embeddable":true,"href":"https:\/\/eldiariodesanpedro.com.ar\/sitio\/wp-json\/wp\/v2\/tags?post=37567"}],"curies":[{"name":"wp","href":"https:\/\/api.w.org\/{rel}","templated":true}]}}