{"id":37562,"date":"2018-08-02T08:55:37","date_gmt":"2018-08-02T11:55:37","guid":{"rendered":"https:\/\/eldiariodesanpedro.com.ar\/sitio\/?p=37562"},"modified":"2018-08-02T08:55:37","modified_gmt":"2018-08-02T11:55:37","slug":"un-auto-se-cruzo-de-carril-e-impacto-contra-una-moto","status":"publish","type":"post","link":"https:\/\/eldiariodesanpedro.com.ar\/sitio\/un-auto-se-cruzo-de-carril-e-impacto-contra-una-moto\/","title":{"rendered":"Un auto se cruz\u00f3 de carril e impact\u00f3 contra una moto"},"content":{"rendered":"<p><!-- VideographyWP Plugin Message: Automatic video embedding prevented by plugin options. --><br \/>\nEsta ma\u00f1ana, alrededor de las 06:00 hs se produce un accidente de tr\u00e1nsito en Ruta 191 Km 4, entre un autom\u00f3vil Renault 11 y una motocicleta 150cc.<\/p>\n<p>El hecho ocurri\u00f3 cuando el vehiculo que circulaba en direcci\u00f3n de san Pedro hacia ruta 9, se cruza de carril impactando contra el rodado que era conducido por un hombre mayor y su pareja. <\/p>\n<p>Seg\u00fan pudo establecer inspecci\u00f3n al momento de arribar al accidente los neum\u00e1ticos del auto estaban en llanta por lo que pudo haber producido el accidente.<\/p>\n<p>A ra\u00edz del impacto, ambos ocupantes de la moto resultan con lesiones siendo asistidos en el hospital local.<\/p>\n<p><img decoding=\"async\" data-attachment-id=\"37563\" data-permalink=\"https:\/\/eldiariodesanpedro.com.ar\/sitio\/un-auto-se-cruzo-de-carril-e-impacto-contra-una-moto\/whatsapp-image-2018-08-02-at-08-30-12\/\" data-orig-file=\"https:\/\/eldiariodesanpedro.com.ar\/sitio\/wp-content\/uploads\/2018\/08\/WhatsApp-Image-2018-08-02-at-08.30.12.jpeg\" data-orig-size=\"720,1280\" data-comments-opened=\"1\" data-image-meta=\"{&quot;aperture&quot;:&quot;0&quot;,&quot;credit&quot;:&quot;&quot;,&quot;camera&quot;:&quot;&quot;,&quot;caption&quot;:&quot;&quot;,&quot;created_timestamp&quot;:&quot;0&quot;,&quot;copyright&quot;:&quot;&quot;,&quot;focal_length&quot;:&quot;0&quot;,&quot;iso&quot;:&quot;0&quot;,&quot;shutter_speed&quot;:&quot;0&quot;,&quot;title&quot;:&quot;&quot;,&quot;orientation&quot;:&quot;0&quot;}\" data-image-title=\"WhatsApp Image 2018-08-02 at 08.30.12\" data-image-description=\"\" data-image-caption=\"\" data-large-file=\"https:\/\/eldiariodesanpedro.com.ar\/sitio\/wp-content\/uploads\/2018\/08\/WhatsApp-Image-2018-08-02-at-08.30.12-576x1024.jpeg\" data-src=\"https:\/\/eldiariodesanpedro.com.ar\/sitio\/wp-content\/uploads\/2018\/08\/WhatsApp-Image-2018-08-02-at-08.30.12-576x1024.jpeg\" alt=\"\" width=\"576\" height=\"1024\" class=\"alignnone size-large wp-image-37563 lazyload\" data-srcset=\"https:\/\/eldiariodesanpedro.com.ar\/sitio\/wp-content\/uploads\/2018\/08\/WhatsApp-Image-2018-08-02-at-08.30.12-576x1024.jpeg 576w, https:\/\/eldiariodesanpedro.com.ar\/sitio\/wp-content\/uploads\/2018\/08\/WhatsApp-Image-2018-08-02-at-08.30.12-169x300.jpeg 169w, https:\/\/eldiariodesanpedro.com.ar\/sitio\/wp-content\/uploads\/2018\/08\/WhatsApp-Image-2018-08-02-at-08.30.12.jpeg 720w\" data-sizes=\"(max-width: 576px) 100vw, 576px\" src=\"data:image\/svg+xml;base64,PHN2ZyB3aWR0aD0iMSIgaGVpZ2h0PSIxIiB4bWxucz0iaHR0cDovL3d3dy53My5vcmcvMjAwMC9zdmciPjwvc3ZnPg==\" style=\"--smush-placeholder-width: 576px; --smush-placeholder-aspect-ratio: 576\/1024;\" \/><\/p>\n","protected":false},"excerpt":{"rendered":"<p>Esta ma\u00f1ana, alrededor de las 06:00 hs se produce un accidente de tr\u00e1nsito en Ruta 191 Km 4, entre un autom\u00f3vil Renault 11 y una motocicleta 150cc. El hecho ocurri\u00f3 cuando el vehiculo que circulaba en direcci\u00f3n de san Pedro hacia ruta 9, se cruza de carril impactando contra el rodado que era conducido por [&hellip;]<\/p>\n","protected":false},"author":4,"featured_media":37565,"comment_status":"open","ping_status":"closed","sticky":false,"template":"","format":"standard","meta":{"om_disable_all_campaigns":false,"_jetpack_memberships_contains_paid_content":false,"footnotes":""},"categories":[50,2,103],"tags":[],"class_list":["post-37562","post","type-post","status-publish","format-standard","has-post-thumbnail","hentry","category-destacadas","category-locales","category-policiales-locales"],"aioseo_notices":[],"gutentor_comment":0,"jetpack_featured_media_url":"https:\/\/eldiariodesanpedro.com.ar\/sitio\/wp-content\/uploads\/2018\/08\/WhatsApp-Image-2018-08-02-at-08.43.33-e1533210882631.jpeg","jetpack_shortlink":"https:\/\/wp.me\/p6RhLt-9LQ","jetpack_sharing_enabled":true,"_links":{"self":[{"href":"https:\/\/eldiariodesanpedro.com.ar\/sitio\/wp-json\/wp\/v2\/posts\/37562","targetHints":{"allow":["GET"]}}],"collection":[{"href":"https:\/\/eldiariodesanpedro.com.ar\/sitio\/wp-json\/wp\/v2\/posts"}],"about":[{"href":"https:\/\/eldiariodesanpedro.com.ar\/sitio\/wp-json\/wp\/v2\/types\/post"}],"author":[{"embeddable":true,"href":"https:\/\/eldiariodesanpedro.com.ar\/sitio\/wp-json\/wp\/v2\/users\/4"}],"replies":[{"embeddable":true,"href":"https:\/\/eldiariodesanpedro.com.ar\/sitio\/wp-json\/wp\/v2\/comments?post=37562"}],"version-history":[{"count":1,"href":"https:\/\/eldiariodesanpedro.com.ar\/sitio\/wp-json\/wp\/v2\/posts\/37562\/revisions"}],"predecessor-version":[{"id":37566,"href":"https:\/\/eldiariodesanpedro.com.ar\/sitio\/wp-json\/wp\/v2\/posts\/37562\/revisions\/37566"}],"wp:featuredmedia":[{"embeddable":true,"href":"https:\/\/eldiariodesanpedro.com.ar\/sitio\/wp-json\/wp\/v2\/media\/37565"}],"wp:attachment":[{"href":"https:\/\/eldiariodesanpedro.com.ar\/sitio\/wp-json\/wp\/v2\/media?parent=37562"}],"wp:term":[{"taxonomy":"category","embeddable":true,"href":"https:\/\/eldiariodesanpedro.com.ar\/sitio\/wp-json\/wp\/v2\/categories?post=37562"},{"taxonomy":"post_tag","embeddable":true,"href":"https:\/\/eldiariodesanpedro.com.ar\/sitio\/wp-json\/wp\/v2\/tags?post=37562"}],"curies":[{"name":"wp","href":"https:\/\/api.w.org\/{rel}","templated":true}]}}