{"id":37556,"date":"2018-08-01T20:47:29","date_gmt":"2018-08-01T23:47:29","guid":{"rendered":"https:\/\/eldiariodesanpedro.com.ar\/sitio\/?p=37556"},"modified":"2026-01-24T00:11:20","modified_gmt":"2026-01-24T03:11:20","slug":"futbol-local-mitre-sera-el-representante-en-el-regional-amateur-de-2019","status":"publish","type":"post","link":"https:\/\/eldiariodesanpedro.com.ar\/sitio\/futbol-local-mitre-sera-el-representante-en-el-regional-amateur-de-2019\/","title":{"rendered":"F\u00daTBOL LOCAL: Mitre ser\u00e1 el representante en el regional Amateur de 2019"},"content":{"rendered":"<p><!-- VideographyWP Plugin Message: Automatic video embedding prevented by plugin options. --><br \/>\n<em>La Liga oficializ\u00f3 a Mitre como el representante al pr\u00f3ximo Regional Amateur 2019<\/em><\/p>\n<p>  En la \u00faltima sesi\u00f3n de la Liga qued\u00f3 oficialmente el nombre del campe\u00f3n del Apertura Atl\u00e9tico Mitre como el representante de San Pedro en el Torneo Regional Amateur 2019, aunque hay que esperar que el Consejo Federal homologue el certamen liguista.<\/p>\n<p>  La Liga ya envi\u00f3 en tiempo y forma lo solicitado por el ente rector del f\u00fatbol del interior, pero debe esperar a que oficialmente homologue su certamen, lo que ocurrir\u00e1 el mes pr\u00f3ximo. <\/p>\n<p>  Tambi\u00e9n qued\u00f3 determinado por la totalidad de los clubes afiliados directos e indirectos (Liga de Baradero) que el campe\u00f3n del Clausura 2019 deber\u00e1 medirse a dos partidos con el campe\u00f3n del Apertura (categor\u00eda \u201cA\u201d) 2019. De all\u00ed saldr\u00e1 el equipo que jugar\u00e1 el Regional del a\u00f1o 2020.<\/p>\n<p>  Claro est\u00e1 que el equipo que resulte como representante de la Alianza San Pedro-Baradero tiene que cumplir con requisitos que exige el Consejo Federal de AFA, entre otros, estar jur\u00eddicamente al d\u00eda con certificado de vigencia. <\/p>\n","protected":false},"excerpt":{"rendered":"<p>La Liga oficializ\u00f3 a Mitre como el representante al pr\u00f3ximo Regional Amateur 2019 En la \u00faltima sesi\u00f3n de la Liga qued\u00f3 oficialmente el nombre del campe\u00f3n del Apertura Atl\u00e9tico Mitre como el representante de San Pedro en el Torneo Regional Amateur 2019, aunque hay que esperar que el Consejo Federal homologue el certamen liguista. La [&hellip;]<\/p>\n","protected":false},"author":4,"featured_media":37557,"comment_status":"open","ping_status":"closed","sticky":false,"template":"","format":"standard","meta":{"om_disable_all_campaigns":false,"_jetpack_memberships_contains_paid_content":false,"footnotes":""},"categories":[5],"tags":[],"class_list":["post-37556","post","type-post","status-publish","format-standard","has-post-thumbnail","hentry","category-deportes"],"aioseo_notices":[],"gutentor_comment":0,"jetpack_featured_media_url":"https:\/\/eldiariodesanpedro.com.ar\/sitio\/wp-content\/uploads\/2018\/08\/Mitre-tiene-la-chance-de-jugar-el-primer-regional-amateur-de-AFA-.jpg","jetpack_shortlink":"https:\/\/wp.me\/p6RhLt-9LK","jetpack_sharing_enabled":true,"_links":{"self":[{"href":"https:\/\/eldiariodesanpedro.com.ar\/sitio\/wp-json\/wp\/v2\/posts\/37556","targetHints":{"allow":["GET"]}}],"collection":[{"href":"https:\/\/eldiariodesanpedro.com.ar\/sitio\/wp-json\/wp\/v2\/posts"}],"about":[{"href":"https:\/\/eldiariodesanpedro.com.ar\/sitio\/wp-json\/wp\/v2\/types\/post"}],"author":[{"embeddable":true,"href":"https:\/\/eldiariodesanpedro.com.ar\/sitio\/wp-json\/wp\/v2\/users\/4"}],"replies":[{"embeddable":true,"href":"https:\/\/eldiariodesanpedro.com.ar\/sitio\/wp-json\/wp\/v2\/comments?post=37556"}],"version-history":[{"count":1,"href":"https:\/\/eldiariodesanpedro.com.ar\/sitio\/wp-json\/wp\/v2\/posts\/37556\/revisions"}],"predecessor-version":[{"id":37558,"href":"https:\/\/eldiariodesanpedro.com.ar\/sitio\/wp-json\/wp\/v2\/posts\/37556\/revisions\/37558"}],"wp:featuredmedia":[{"embeddable":true,"href":"https:\/\/eldiariodesanpedro.com.ar\/sitio\/wp-json\/wp\/v2\/media\/37557"}],"wp:attachment":[{"href":"https:\/\/eldiariodesanpedro.com.ar\/sitio\/wp-json\/wp\/v2\/media?parent=37556"}],"wp:term":[{"taxonomy":"category","embeddable":true,"href":"https:\/\/eldiariodesanpedro.com.ar\/sitio\/wp-json\/wp\/v2\/categories?post=37556"},{"taxonomy":"post_tag","embeddable":true,"href":"https:\/\/eldiariodesanpedro.com.ar\/sitio\/wp-json\/wp\/v2\/tags?post=37556"}],"curies":[{"name":"wp","href":"https:\/\/api.w.org\/{rel}","templated":true}]}}