{"id":37294,"date":"2018-07-27T20:55:57","date_gmt":"2018-07-27T23:55:57","guid":{"rendered":"https:\/\/eldiariodesanpedro.com.ar\/sitio\/?p=37294"},"modified":"2026-01-24T00:11:22","modified_gmt":"2026-01-24T03:11:22","slug":"futbol-local-fin-de-semana-de-descanso-precio-al-comienzo-del-torneo-clausura","status":"publish","type":"post","link":"https:\/\/eldiariodesanpedro.com.ar\/sitio\/futbol-local-fin-de-semana-de-descanso-precio-al-comienzo-del-torneo-clausura\/","title":{"rendered":"F\u00daTBOL LOCAL: Fin de semana de descanso, precio al comienzo del torneo Clausura"},"content":{"rendered":"<p><!-- VideographyWP Plugin Message: Automatic video embedding prevented by plugin options. --><br \/>\n  En la sesi\u00f3n de los lunes en la Liga, los clubes decidieron postergar por una semana el comienzo el Torneo Clausura. <\/p>\n<p><em>  La primera fecha ser\u00e1 la siguiente:<\/em><\/p>\n<p>Agricultores vs. Las Palmeras<br \/>\nC. C\u00f3rdoba vs. Banfield<br \/>\nParan\u00e1 FC vs. Am\u00e9rica<br \/>\nLa Esperanza vs. Fundici\u00f3n FC<br \/>\nSportivo vs. Ireneo Portela<br \/>\nG. San Mart\u00edn vs. San Roque FC<br \/>\nMitre vs. Independencia FC<br \/>\nDef. Unidos vs. Rivadavia<br \/>\nAtl\u00e9tico vs. Dep. Alsina<\/p>\n","protected":false},"excerpt":{"rendered":"<p>En la sesi\u00f3n de los lunes en la Liga, los clubes decidieron postergar por una semana el comienzo el Torneo Clausura. La primera fecha ser\u00e1 la siguiente: Agricultores vs. Las Palmeras C. C\u00f3rdoba vs. Banfield Paran\u00e1 FC vs. Am\u00e9rica La Esperanza vs. Fundici\u00f3n FC Sportivo vs. Ireneo Portela G. San Mart\u00edn vs. San Roque FC [&hellip;]<\/p>\n","protected":false},"author":4,"featured_media":12943,"comment_status":"open","ping_status":"closed","sticky":false,"template":"","format":"standard","meta":{"om_disable_all_campaigns":false,"_jetpack_memberships_contains_paid_content":false,"footnotes":""},"categories":[5],"tags":[],"class_list":["post-37294","post","type-post","status-publish","format-standard","has-post-thumbnail","hentry","category-deportes"],"aioseo_notices":[],"gutentor_comment":0,"jetpack_featured_media_url":"https:\/\/eldiariodesanpedro.com.ar\/sitio\/wp-content\/uploads\/2017\/01\/futbol.jpg","jetpack_shortlink":"https:\/\/wp.me\/p6RhLt-9Hw","jetpack_sharing_enabled":true,"_links":{"self":[{"href":"https:\/\/eldiariodesanpedro.com.ar\/sitio\/wp-json\/wp\/v2\/posts\/37294","targetHints":{"allow":["GET"]}}],"collection":[{"href":"https:\/\/eldiariodesanpedro.com.ar\/sitio\/wp-json\/wp\/v2\/posts"}],"about":[{"href":"https:\/\/eldiariodesanpedro.com.ar\/sitio\/wp-json\/wp\/v2\/types\/post"}],"author":[{"embeddable":true,"href":"https:\/\/eldiariodesanpedro.com.ar\/sitio\/wp-json\/wp\/v2\/users\/4"}],"replies":[{"embeddable":true,"href":"https:\/\/eldiariodesanpedro.com.ar\/sitio\/wp-json\/wp\/v2\/comments?post=37294"}],"version-history":[{"count":2,"href":"https:\/\/eldiariodesanpedro.com.ar\/sitio\/wp-json\/wp\/v2\/posts\/37294\/revisions"}],"predecessor-version":[{"id":37298,"href":"https:\/\/eldiariodesanpedro.com.ar\/sitio\/wp-json\/wp\/v2\/posts\/37294\/revisions\/37298"}],"wp:featuredmedia":[{"embeddable":true,"href":"https:\/\/eldiariodesanpedro.com.ar\/sitio\/wp-json\/wp\/v2\/media\/12943"}],"wp:attachment":[{"href":"https:\/\/eldiariodesanpedro.com.ar\/sitio\/wp-json\/wp\/v2\/media?parent=37294"}],"wp:term":[{"taxonomy":"category","embeddable":true,"href":"https:\/\/eldiariodesanpedro.com.ar\/sitio\/wp-json\/wp\/v2\/categories?post=37294"},{"taxonomy":"post_tag","embeddable":true,"href":"https:\/\/eldiariodesanpedro.com.ar\/sitio\/wp-json\/wp\/v2\/tags?post=37294"}],"curies":[{"name":"wp","href":"https:\/\/api.w.org\/{rel}","templated":true}]}}