{"id":37289,"date":"2018-07-27T20:51:28","date_gmt":"2018-07-27T23:51:28","guid":{"rendered":"https:\/\/eldiariodesanpedro.com.ar\/sitio\/?p=37289"},"modified":"2026-01-24T00:11:23","modified_gmt":"2026-01-24T03:11:23","slug":"natacion-nadadores-de-pescadores-estaran-en-el-nacional-de-santiago-del-estero","status":"publish","type":"post","link":"https:\/\/eldiariodesanpedro.com.ar\/sitio\/natacion-nadadores-de-pescadores-estaran-en-el-nacional-de-santiago-del-estero\/","title":{"rendered":"NATACI\u00d3N: Nadadores de Pescadores estar\u00e1n en el Nacional de Santiago del Estero"},"content":{"rendered":"<p><!-- VideographyWP Plugin Message: Automatic video embedding prevented by plugin options. --><br \/>\n  A la extensa agenda que este deporte tiene a lo largo del a\u00f1o se suman los nacionales, ya participamos en R\u00edo Negro, Mar del Plata y CABA, ahora se suma el Nacional H. H. Barrios de Santiago del Estero a partir del 13 al 18 de agosto. <\/p>\n<p>  El certamen es para las categor\u00edas Infantiles y Menores cerrando el calendario de invierno.<\/p>\n<p>  Los deportistas de Pescadores son: Juli\u00e1n Mariani, Candela Raviola, Lola Ram\u00edrez, Abril Guti\u00e9rrez y Gast\u00f3n Antelo.<\/p>\n","protected":false},"excerpt":{"rendered":"<p>A la extensa agenda que este deporte tiene a lo largo del a\u00f1o se suman los nacionales, ya participamos en R\u00edo Negro, Mar del Plata y CABA, ahora se suma el Nacional H. H. Barrios de Santiago del Estero a partir del 13 al 18 de agosto. El certamen es para las categor\u00edas Infantiles y [&hellip;]<\/p>\n","protected":false},"author":4,"featured_media":32612,"comment_status":"open","ping_status":"closed","sticky":false,"template":"","format":"standard","meta":{"om_disable_all_campaigns":false,"_jetpack_memberships_contains_paid_content":false,"footnotes":""},"categories":[5],"tags":[],"class_list":["post-37289","post","type-post","status-publish","format-standard","has-post-thumbnail","hentry","category-deportes"],"aioseo_notices":[],"gutentor_comment":0,"jetpack_featured_media_url":"https:\/\/eldiariodesanpedro.com.ar\/sitio\/wp-content\/uploads\/2018\/05\/Natacion-fannba.jpg","jetpack_shortlink":"https:\/\/wp.me\/p6RhLt-9Hr","jetpack_sharing_enabled":true,"_links":{"self":[{"href":"https:\/\/eldiariodesanpedro.com.ar\/sitio\/wp-json\/wp\/v2\/posts\/37289","targetHints":{"allow":["GET"]}}],"collection":[{"href":"https:\/\/eldiariodesanpedro.com.ar\/sitio\/wp-json\/wp\/v2\/posts"}],"about":[{"href":"https:\/\/eldiariodesanpedro.com.ar\/sitio\/wp-json\/wp\/v2\/types\/post"}],"author":[{"embeddable":true,"href":"https:\/\/eldiariodesanpedro.com.ar\/sitio\/wp-json\/wp\/v2\/users\/4"}],"replies":[{"embeddable":true,"href":"https:\/\/eldiariodesanpedro.com.ar\/sitio\/wp-json\/wp\/v2\/comments?post=37289"}],"version-history":[{"count":2,"href":"https:\/\/eldiariodesanpedro.com.ar\/sitio\/wp-json\/wp\/v2\/posts\/37289\/revisions"}],"predecessor-version":[{"id":37293,"href":"https:\/\/eldiariodesanpedro.com.ar\/sitio\/wp-json\/wp\/v2\/posts\/37289\/revisions\/37293"}],"wp:featuredmedia":[{"embeddable":true,"href":"https:\/\/eldiariodesanpedro.com.ar\/sitio\/wp-json\/wp\/v2\/media\/32612"}],"wp:attachment":[{"href":"https:\/\/eldiariodesanpedro.com.ar\/sitio\/wp-json\/wp\/v2\/media?parent=37289"}],"wp:term":[{"taxonomy":"category","embeddable":true,"href":"https:\/\/eldiariodesanpedro.com.ar\/sitio\/wp-json\/wp\/v2\/categories?post=37289"},{"taxonomy":"post_tag","embeddable":true,"href":"https:\/\/eldiariodesanpedro.com.ar\/sitio\/wp-json\/wp\/v2\/tags?post=37289"}],"curies":[{"name":"wp","href":"https:\/\/api.w.org\/{rel}","templated":true}]}}