{"id":37287,"date":"2018-07-27T20:51:25","date_gmt":"2018-07-27T23:51:25","guid":{"rendered":"https:\/\/eldiariodesanpedro.com.ar\/sitio\/?p=37287"},"modified":"2026-01-24T00:11:23","modified_gmt":"2026-01-24T03:11:23","slug":"el-circulo-de-periodistas-deportivos-de-san-pedro-realizara-una-nueva-entrega-de-distinciones-a-deportistas-destacados","status":"publish","type":"post","link":"https:\/\/eldiariodesanpedro.com.ar\/sitio\/el-circulo-de-periodistas-deportivos-de-san-pedro-realizara-una-nueva-entrega-de-distinciones-a-deportistas-destacados\/","title":{"rendered":"El C\u00edrculo de Periodistas Deportivos de San Pedro realizar\u00e1 una nueva entrega de distinciones a deportistas destacados"},"content":{"rendered":"<p><!-- VideographyWP Plugin Message: Automatic video embedding prevented by plugin options. --><br \/>\n  Ser\u00e1 la segunda entrega del a\u00f1o y se llevar\u00e1 a cabo el pr\u00f3ximo viernes 3 de agosto 2018 a las 20.30 horas en la sala de sesiones \u201cPedro Barri\u201d de La Liga Deportiva Sampedrina.<\/p>\n<p> Los deportistas destacados y elegidos para recibir las distinciones son:<br \/>\nAsociaci\u00f3n Sampedrina de Karate.<br \/>\nCiro Olivieri &#8211; Esgrima.<br \/>\nMirko Zapata &#8211; F\u00fatbol.<br \/>\n5ta.: divisi\u00f3n Independencia &#8211; F\u00fatbol.<br \/>\n4ta.: divisi\u00f3n La Esperanza &#8211; F\u00fatbol.<br \/>\n3ra.: divisi\u00f3n Agricultores Club &#8211; F\u00fatbol.<br \/>\n1ra.: divisi\u00f3n Club A. Mitre &#8211; F\u00fatbol.<br \/>\nSub 21: Defensores Unidos &#8211; F\u00fatbol.<br \/>\nSelecci\u00f3n Roja 2007 &#8211; F\u00fatbol Infantil.<br \/>\nBenjam\u00edn Olivero Zagasta- Jorge Raill\u00f3n- Juan Pedro Ramognino- Rugby.   <\/p>\n<p> Atenci\u00f3n: La \u00fanica invitaci\u00f3n a los deportistas es a trav\u00e9s de la difusi\u00f3n de los medios de comunicaci\u00f3n.<\/p>\n","protected":false},"excerpt":{"rendered":"<p>Ser\u00e1 la segunda entrega del a\u00f1o y se llevar\u00e1 a cabo el pr\u00f3ximo viernes 3 de agosto 2018 a las 20.30 horas en la sala de sesiones \u201cPedro Barri\u201d de La Liga Deportiva Sampedrina. Los deportistas destacados y elegidos para recibir las distinciones son: Asociaci\u00f3n Sampedrina de Karate. Ciro Olivieri &#8211; Esgrima. Mirko Zapata &#8211; [&hellip;]<\/p>\n","protected":false},"author":4,"featured_media":11466,"comment_status":"open","ping_status":"closed","sticky":false,"template":"","format":"standard","meta":{"om_disable_all_campaigns":false,"_jetpack_memberships_contains_paid_content":false,"footnotes":""},"categories":[5],"tags":[],"class_list":["post-37287","post","type-post","status-publish","format-standard","has-post-thumbnail","hentry","category-deportes"],"aioseo_notices":[],"gutentor_comment":0,"jetpack_featured_media_url":"https:\/\/eldiariodesanpedro.com.ar\/sitio\/wp-content\/uploads\/2016\/12\/circulo-periodistas-san-pedro.jpg","jetpack_shortlink":"https:\/\/wp.me\/p6RhLt-9Hp","jetpack_sharing_enabled":true,"_links":{"self":[{"href":"https:\/\/eldiariodesanpedro.com.ar\/sitio\/wp-json\/wp\/v2\/posts\/37287","targetHints":{"allow":["GET"]}}],"collection":[{"href":"https:\/\/eldiariodesanpedro.com.ar\/sitio\/wp-json\/wp\/v2\/posts"}],"about":[{"href":"https:\/\/eldiariodesanpedro.com.ar\/sitio\/wp-json\/wp\/v2\/types\/post"}],"author":[{"embeddable":true,"href":"https:\/\/eldiariodesanpedro.com.ar\/sitio\/wp-json\/wp\/v2\/users\/4"}],"replies":[{"embeddable":true,"href":"https:\/\/eldiariodesanpedro.com.ar\/sitio\/wp-json\/wp\/v2\/comments?post=37287"}],"version-history":[{"count":1,"href":"https:\/\/eldiariodesanpedro.com.ar\/sitio\/wp-json\/wp\/v2\/posts\/37287\/revisions"}],"predecessor-version":[{"id":37290,"href":"https:\/\/eldiariodesanpedro.com.ar\/sitio\/wp-json\/wp\/v2\/posts\/37287\/revisions\/37290"}],"wp:featuredmedia":[{"embeddable":true,"href":"https:\/\/eldiariodesanpedro.com.ar\/sitio\/wp-json\/wp\/v2\/media\/11466"}],"wp:attachment":[{"href":"https:\/\/eldiariodesanpedro.com.ar\/sitio\/wp-json\/wp\/v2\/media?parent=37287"}],"wp:term":[{"taxonomy":"category","embeddable":true,"href":"https:\/\/eldiariodesanpedro.com.ar\/sitio\/wp-json\/wp\/v2\/categories?post=37287"},{"taxonomy":"post_tag","embeddable":true,"href":"https:\/\/eldiariodesanpedro.com.ar\/sitio\/wp-json\/wp\/v2\/tags?post=37287"}],"curies":[{"name":"wp","href":"https:\/\/api.w.org\/{rel}","templated":true}]}}