{"id":37285,"date":"2018-07-27T20:49:35","date_gmt":"2018-07-27T23:49:35","guid":{"rendered":"https:\/\/eldiariodesanpedro.com.ar\/sitio\/?p=37285"},"modified":"2026-01-23T23:51:28","modified_gmt":"2026-01-24T02:51:28","slug":"futbol-infantil-la-fecha-19o-de-se-juega-el-domingo","status":"publish","type":"post","link":"https:\/\/eldiariodesanpedro.com.ar\/sitio\/futbol-infantil-la-fecha-19o-de-se-juega-el-domingo\/","title":{"rendered":"F\u00daTBOL INFANTIL: La fecha 19\u00ba de se juega el domingo"},"content":{"rendered":"<p><!-- VideographyWP Plugin Message: Automatic video embedding prevented by plugin options. --><br \/>\n  As\u00ed lo decidi\u00f3 la Liga Infantil de F\u00fatbol luego de la lluvia ca\u00edda en los \u00faltimos d\u00edas. El horario es el mismo al previsto en un principio.<br \/>\n  En la sesi\u00f3n de los martes en la sede de la Liga infantil de F\u00fatbol, los delegados dejaron establecidos los horarios para la 19\u00b0 fecha del torneo Apertura, en principio para el d\u00eda s\u00e1bado y este viernes ante la lluvia ca\u00edda pas\u00f3 para el domingo 29.<\/p>\n<p><strong>Partidos y horarios<\/strong><br \/>\n<em>12.00 horas<\/em><br \/>\nEl Porvenir \u2013 Atl\u00e9tico<br \/>\nC. C\u00f3rdoba- Independencia FC<\/p>\n<p><em>12:30 horas<\/em><br \/>\nRivadavia \u2013 Fundici\u00f3n FC<br \/>\nSportivo \u2013 El Tanque<br \/>\nDef. Unidos -Villa Igoillo<br \/>\nDep. Alsina \u2013 Mitre<br \/>\nGral. San Mart\u00edn \u2013 Agricultores Club<\/p>\n<p><em>13:00 horas<\/em><br \/>\nCastro FC \u2013 Independiente<br \/>\nParan\u00e1 FC \u2013 Los Andes<br \/>\nCosta Azul \u2013 Pescadores<br \/>\nAm\u00e9rica \u2013 San Roque FC<\/p>\n<p><strong>Posiciones<\/strong><br \/>\n<strong>2011:<\/strong> Paran\u00e1 33, Rivadavia 31, Atl\u00e9tico 29, San Roque 27, Mitre 25, El Porvenir 24, Villa Igoillo 23, General San Mart\u00edn 23, Fundici\u00f3n 20, El Tanque 19, Independencia 18, Agricultores 18, Pescadores 16, Sportivo 15, Los Andes 10, Def. Unidos 8, Castro FC 7, Am\u00e9rica 5, Independiente 4, Central C\u00f3rdoba 4, Costa Azul 1.<\/p>\n<p><strong>2010:<\/strong> Paran\u00e1 32, Atl\u00e9tico 30, Mitre 28, El Porvenir 27, General San Mart\u00edn 25, Sportivo 22, Villa Igoillo 21, Independencia 19, Rivadavia 18, San Roque 18, El Tanque 17, Agricultores 16, Fundici\u00f3n 12, Independiente 11, Los Andes 9, Dep. Alsina 8, Am\u00e9rica 6, Pescadores 4, Costa Azul 3, Def. Unidos 0.<\/p>\n<p><strong>2009:<\/strong> El Porvenir 29, Villa Igoillo 28, Mitre 27, Paran\u00e1 27, Sportivo 26, General San Mart\u00edn 25, Central C\u00f3rdoba 24, Independencia 24, El Tanque 23, Agricultores 21, San Roque 18, Am\u00e9rica 17, Castro FC 14, Rivadavia 13, Dep. Alsina 13, Los Andes 11, Atl\u00e9tico 9, Fundici\u00f3n 9, Independiente 3, Def. Unidos 1, Pescadores 0. <\/p>\n<p><strong>2008:<\/strong> El Tanque 33, El Porvenir 31, General San Mart\u00edn 29, Am\u00e9rica 29, Mitre 28, Paran\u00e1 27, Central C\u00f3rdoba 23, Agricultores 22, San Roque 22, Sportivo 21, Pescadores 19, Fundici\u00f3n 18, Rivadavia 18, Los Andes 11, Dep. Alsina 11, Castro FC 11, Villa Igoillo 10, Costa Azul 9, Atl\u00e9tico 8, Def. Unidos 6, Independiente 5, Independencia 5. <\/p>\n<p><strong>2007:<\/strong> Mitre 34, El Porvenir 33, Sportivo 30, El Tanque 29, Paran\u00e1 26, San Roque 26, General San Mart\u00edn 24, Agricultores 21, Castro FC 20, Rivadavia 17, Independencia 17, Los Andes 15, Central C\u00f3rdoba 15, Def. Unidos 14, Fundici\u00f3n 14, Costa Azul 12, Villa Igoillo 11, Atl\u00e9tico 10, Pescadores 10, Independiente 9, Am\u00e9rica 5, Dep. Alsina 3.<\/p>\n<p><strong>2006:<\/strong> Mitre 34, General San Mart\u00edn 31, Paran\u00e1 31, El Porvenir 30, Sportivo 30, San Roque 26, El Tanque 26, Fundici\u00f3n 22, Villa Igoillo 21, Independencia 21, Rivadavia 19, Am\u00e9rica 19, Def. Unidos 16, Atl\u00e9tico 13, Costa Azul 13, Los Andes 11, Agricultores 10, Central C\u00f3rdoba 8, Dep. Alsina 6, Independiente 5, Castro FC 4, Pescadores 2.<\/p>\n","protected":false},"excerpt":{"rendered":"<p>As\u00ed lo decidi\u00f3 la Liga Infantil de F\u00fatbol luego de la lluvia ca\u00edda en los \u00faltimos d\u00edas. El horario es el mismo al previsto en un principio. En la sesi\u00f3n de los martes en la sede de la Liga infantil de F\u00fatbol, los delegados dejaron establecidos los horarios para la 19\u00b0 fecha del torneo Apertura, [&hellip;]<\/p>\n","protected":false},"author":4,"featured_media":10282,"comment_status":"open","ping_status":"closed","sticky":false,"template":"","format":"standard","meta":{"om_disable_all_campaigns":false,"_jetpack_memberships_contains_paid_content":false,"footnotes":""},"categories":[5],"tags":[],"class_list":["post-37285","post","type-post","status-publish","format-standard","has-post-thumbnail","hentry","category-deportes"],"aioseo_notices":[],"gutentor_comment":0,"jetpack_featured_media_url":"https:\/\/eldiariodesanpedro.com.ar\/sitio\/wp-content\/uploads\/2016\/11\/futbol-infantil.jpg","jetpack_shortlink":"https:\/\/wp.me\/p6RhLt-9Hn","jetpack_sharing_enabled":true,"_links":{"self":[{"href":"https:\/\/eldiariodesanpedro.com.ar\/sitio\/wp-json\/wp\/v2\/posts\/37285","targetHints":{"allow":["GET"]}}],"collection":[{"href":"https:\/\/eldiariodesanpedro.com.ar\/sitio\/wp-json\/wp\/v2\/posts"}],"about":[{"href":"https:\/\/eldiariodesanpedro.com.ar\/sitio\/wp-json\/wp\/v2\/types\/post"}],"author":[{"embeddable":true,"href":"https:\/\/eldiariodesanpedro.com.ar\/sitio\/wp-json\/wp\/v2\/users\/4"}],"replies":[{"embeddable":true,"href":"https:\/\/eldiariodesanpedro.com.ar\/sitio\/wp-json\/wp\/v2\/comments?post=37285"}],"version-history":[{"count":1,"href":"https:\/\/eldiariodesanpedro.com.ar\/sitio\/wp-json\/wp\/v2\/posts\/37285\/revisions"}],"predecessor-version":[{"id":37288,"href":"https:\/\/eldiariodesanpedro.com.ar\/sitio\/wp-json\/wp\/v2\/posts\/37285\/revisions\/37288"}],"wp:featuredmedia":[{"embeddable":true,"href":"https:\/\/eldiariodesanpedro.com.ar\/sitio\/wp-json\/wp\/v2\/media\/10282"}],"wp:attachment":[{"href":"https:\/\/eldiariodesanpedro.com.ar\/sitio\/wp-json\/wp\/v2\/media?parent=37285"}],"wp:term":[{"taxonomy":"category","embeddable":true,"href":"https:\/\/eldiariodesanpedro.com.ar\/sitio\/wp-json\/wp\/v2\/categories?post=37285"},{"taxonomy":"post_tag","embeddable":true,"href":"https:\/\/eldiariodesanpedro.com.ar\/sitio\/wp-json\/wp\/v2\/tags?post=37285"}],"curies":[{"name":"wp","href":"https:\/\/api.w.org\/{rel}","templated":true}]}}