{"id":37283,"date":"2018-07-27T20:47:16","date_gmt":"2018-07-27T23:47:16","guid":{"rendered":"https:\/\/eldiariodesanpedro.com.ar\/sitio\/?p=37283"},"modified":"2026-01-23T23:51:29","modified_gmt":"2026-01-24T02:51:29","slug":"ciclismo-fue-suspendida-la-programacion-de-manana","status":"publish","type":"post","link":"https:\/\/eldiariodesanpedro.com.ar\/sitio\/ciclismo-fue-suspendida-la-programacion-de-manana\/","title":{"rendered":"CICLISMO: Fue suspendida la programaci\u00f3n de ma\u00f1ana"},"content":{"rendered":"<p><!-- VideographyWP Plugin Message: Automatic video embedding prevented by plugin options. --><br \/>\n  Prociclismo San Pedro decidi\u00f3 suspender la programaci\u00f3n prevista para este s\u00e1bado en el Panor\u00e1mico del Oeste debido a las inclemencias del tiempo y la intransitabilidad del camino de acceso al circuito. <\/p>\n","protected":false},"excerpt":{"rendered":"<p>Prociclismo San Pedro decidi\u00f3 suspender la programaci\u00f3n prevista para este s\u00e1bado en el Panor\u00e1mico del Oeste debido a las inclemencias del tiempo y la intransitabilidad del camino de acceso al circuito.<\/p>\n","protected":false},"author":4,"featured_media":0,"comment_status":"open","ping_status":"closed","sticky":false,"template":"","format":"standard","meta":{"om_disable_all_campaigns":false,"_jetpack_memberships_contains_paid_content":false,"footnotes":""},"categories":[5],"tags":[],"class_list":["post-37283","post","type-post","status-publish","format-standard","hentry","category-deportes"],"aioseo_notices":[],"gutentor_comment":0,"jetpack_featured_media_url":"","jetpack_shortlink":"https:\/\/wp.me\/p6RhLt-9Hl","jetpack_sharing_enabled":true,"_links":{"self":[{"href":"https:\/\/eldiariodesanpedro.com.ar\/sitio\/wp-json\/wp\/v2\/posts\/37283","targetHints":{"allow":["GET"]}}],"collection":[{"href":"https:\/\/eldiariodesanpedro.com.ar\/sitio\/wp-json\/wp\/v2\/posts"}],"about":[{"href":"https:\/\/eldiariodesanpedro.com.ar\/sitio\/wp-json\/wp\/v2\/types\/post"}],"author":[{"embeddable":true,"href":"https:\/\/eldiariodesanpedro.com.ar\/sitio\/wp-json\/wp\/v2\/users\/4"}],"replies":[{"embeddable":true,"href":"https:\/\/eldiariodesanpedro.com.ar\/sitio\/wp-json\/wp\/v2\/comments?post=37283"}],"version-history":[{"count":1,"href":"https:\/\/eldiariodesanpedro.com.ar\/sitio\/wp-json\/wp\/v2\/posts\/37283\/revisions"}],"predecessor-version":[{"id":37286,"href":"https:\/\/eldiariodesanpedro.com.ar\/sitio\/wp-json\/wp\/v2\/posts\/37283\/revisions\/37286"}],"wp:attachment":[{"href":"https:\/\/eldiariodesanpedro.com.ar\/sitio\/wp-json\/wp\/v2\/media?parent=37283"}],"wp:term":[{"taxonomy":"category","embeddable":true,"href":"https:\/\/eldiariodesanpedro.com.ar\/sitio\/wp-json\/wp\/v2\/categories?post=37283"},{"taxonomy":"post_tag","embeddable":true,"href":"https:\/\/eldiariodesanpedro.com.ar\/sitio\/wp-json\/wp\/v2\/tags?post=37283"}],"curies":[{"name":"wp","href":"https:\/\/api.w.org\/{rel}","templated":true}]}}