{"id":37280,"date":"2018-07-27T20:46:06","date_gmt":"2018-07-27T23:46:06","guid":{"rendered":"https:\/\/eldiariodesanpedro.com.ar\/sitio\/?p=37280"},"modified":"2018-07-27T20:46:06","modified_gmt":"2018-07-27T23:46:06","slug":"tres-motos-fueron-robadas-este-jueves","status":"publish","type":"post","link":"https:\/\/eldiariodesanpedro.com.ar\/sitio\/tres-motos-fueron-robadas-este-jueves\/","title":{"rendered":"Tres motos fueron robadas este jueves"},"content":{"rendered":"<p><!-- VideographyWP Plugin Message: Automatic video embedding prevented by plugin options. --><br \/>\nEste jueves fueron sustra\u00eddas tres motocicletas 110 cc; dos fueron robadas de la vereda donde estaban estacionadas y, la tercera, del interior de una casa. Preocupa la ola de robos de este tipo.<\/p>\n<p>  Los dos primeros hechos sucedieron durante la ma\u00f1ana del jueves pasado. El primer robo de ciclomotor ocurri\u00f3 en una vivienda ubicada sobre calle M\u00e1ximo Mill\u00e1n al 400. All\u00ed, delincuentes ingresaron al garaje de la vivienda y se llevaron el ciclomotor.<\/p>\n<p>  El segundo il\u00edcito ocurri\u00f3 en calle Ituzaing\u00f3 al 2500. Una mujer dej\u00f3 su moto estacionada en la vereda e ingres\u00f3 a la vivienda, al salir su motocicleta Mondial 110 cc ya no estaba. Se supo por testigos que los delincuentes se trasladaban en una moto tipo 110 cc negra. <\/p>\n<p>  Y finalmente, durante la tarde del jueves, un hombre sal\u00eda de un domicilio ubicado sobre calle H. Indio al 900 y constat\u00f3 que su motocicleta Guerrero Trip tipo 110 cc que estaba estacionada, hab\u00eda desaparecido.<br \/>\n  Cada uno de estos il\u00edcitos fue denunciado en la Comisar\u00eda local.<\/p>\n","protected":false},"excerpt":{"rendered":"<p>Este jueves fueron sustra\u00eddas tres motocicletas 110 cc; dos fueron robadas de la vereda donde estaban estacionadas y, la tercera, del interior de una casa. Preocupa la ola de robos de este tipo. Los dos primeros hechos sucedieron durante la ma\u00f1ana del jueves pasado. El primer robo de ciclomotor ocurri\u00f3 en una vivienda ubicada sobre [&hellip;]<\/p>\n","protected":false},"author":4,"featured_media":37281,"comment_status":"open","ping_status":"closed","sticky":false,"template":"","format":"standard","meta":{"om_disable_all_campaigns":false,"_jetpack_memberships_contains_paid_content":false,"footnotes":""},"categories":[2,103],"tags":[],"class_list":["post-37280","post","type-post","status-publish","format-standard","has-post-thumbnail","hentry","category-locales","category-policiales-locales"],"aioseo_notices":[],"gutentor_comment":0,"jetpack_featured_media_url":"https:\/\/eldiariodesanpedro.com.ar\/sitio\/wp-content\/uploads\/2018\/07\/robo-moto.jpg","jetpack_shortlink":"https:\/\/wp.me\/p6RhLt-9Hi","jetpack_sharing_enabled":true,"_links":{"self":[{"href":"https:\/\/eldiariodesanpedro.com.ar\/sitio\/wp-json\/wp\/v2\/posts\/37280","targetHints":{"allow":["GET"]}}],"collection":[{"href":"https:\/\/eldiariodesanpedro.com.ar\/sitio\/wp-json\/wp\/v2\/posts"}],"about":[{"href":"https:\/\/eldiariodesanpedro.com.ar\/sitio\/wp-json\/wp\/v2\/types\/post"}],"author":[{"embeddable":true,"href":"https:\/\/eldiariodesanpedro.com.ar\/sitio\/wp-json\/wp\/v2\/users\/4"}],"replies":[{"embeddable":true,"href":"https:\/\/eldiariodesanpedro.com.ar\/sitio\/wp-json\/wp\/v2\/comments?post=37280"}],"version-history":[{"count":1,"href":"https:\/\/eldiariodesanpedro.com.ar\/sitio\/wp-json\/wp\/v2\/posts\/37280\/revisions"}],"predecessor-version":[{"id":37284,"href":"https:\/\/eldiariodesanpedro.com.ar\/sitio\/wp-json\/wp\/v2\/posts\/37280\/revisions\/37284"}],"wp:featuredmedia":[{"embeddable":true,"href":"https:\/\/eldiariodesanpedro.com.ar\/sitio\/wp-json\/wp\/v2\/media\/37281"}],"wp:attachment":[{"href":"https:\/\/eldiariodesanpedro.com.ar\/sitio\/wp-json\/wp\/v2\/media?parent=37280"}],"wp:term":[{"taxonomy":"category","embeddable":true,"href":"https:\/\/eldiariodesanpedro.com.ar\/sitio\/wp-json\/wp\/v2\/categories?post=37280"},{"taxonomy":"post_tag","embeddable":true,"href":"https:\/\/eldiariodesanpedro.com.ar\/sitio\/wp-json\/wp\/v2\/tags?post=37280"}],"curies":[{"name":"wp","href":"https:\/\/api.w.org\/{rel}","templated":true}]}}