{"id":37268,"date":"2018-07-27T17:31:58","date_gmt":"2018-07-27T20:31:58","guid":{"rendered":"https:\/\/eldiariodesanpedro.com.ar\/sitio\/?p=37268"},"modified":"2018-07-27T17:31:58","modified_gmt":"2018-07-27T20:31:58","slug":"el-ministerio-de-trabajo-dicto-la-conciliacion-obligatoria-y-el-lunes-habria-clases-en-provincia","status":"publish","type":"post","link":"https:\/\/eldiariodesanpedro.com.ar\/sitio\/el-ministerio-de-trabajo-dicto-la-conciliacion-obligatoria-y-el-lunes-habria-clases-en-provincia\/","title":{"rendered":"El Ministerio de Trabajo dict\u00f3 la conciliaci\u00f3n obligatoria y el lunes habr\u00eda clases en Provincia"},"content":{"rendered":"<p><!-- VideographyWP Plugin Message: Automatic video embedding prevented by plugin options. --><br \/>\nAnte el anuncio del gremio docente de un paro de 72 horas, el gobierno de Mar\u00eda Eugenia Vidal solicit\u00f3 la conciliaci\u00f3n y, por ahora, las clases volver\u00edan el lunes.<\/p>\n<p>La medida de fuerza hab\u00eda sido adoptada luego de que el gobierno de Vidal apenas sumara un 1,7% en concepto de material did\u00e1ctico a la misma oferta de mejora salarial del 15% formulada a comienzos de a\u00f1o.<\/p>\n<p>El fracaso de la mesa de negociaci\u00f3n el lunes pasado reson\u00f3 con mayor fuerza ya que se trat\u00f3 de la primera convocatoria por parte de las autoridades bonaerenses despu\u00e9s de 94 d\u00edas y tuvo que ser ordenada por un fallo judicial que las oblig\u00f3 a retomar las negociaciones.<\/p>\n<p>Tras el encuentro del lunes y el rechazo inmediato a la propuesta de mejora del 16,7% los docentes hab\u00edan dilatado la confirmaci\u00f3n del paro a la espera de una nueva convocatoria que nunca lleg\u00f3.<\/p>\n","protected":false},"excerpt":{"rendered":"<p>Ante el anuncio del gremio docente de un paro de 72 horas, el gobierno de Mar\u00eda Eugenia Vidal solicit\u00f3 la conciliaci\u00f3n y, por ahora, las clases volver\u00edan el lunes. La medida de fuerza hab\u00eda sido adoptada luego de que el gobierno de Vidal apenas sumara un 1,7% en concepto de material did\u00e1ctico a la misma [&hellip;]<\/p>\n","protected":false},"author":4,"featured_media":37269,"comment_status":"open","ping_status":"closed","sticky":false,"template":"","format":"standard","meta":{"om_disable_all_campaigns":false,"_jetpack_memberships_contains_paid_content":false,"footnotes":""},"categories":[621],"tags":[],"class_list":["post-37268","post","type-post","status-publish","format-standard","has-post-thumbnail","hentry","category-regionales"],"aioseo_notices":[],"gutentor_comment":0,"jetpack_featured_media_url":"https:\/\/eldiariodesanpedro.com.ar\/sitio\/wp-content\/uploads\/2018\/07\/78631_3_658x400.jpg","jetpack_shortlink":"https:\/\/wp.me\/p6RhLt-9H6","jetpack_sharing_enabled":true,"_links":{"self":[{"href":"https:\/\/eldiariodesanpedro.com.ar\/sitio\/wp-json\/wp\/v2\/posts\/37268","targetHints":{"allow":["GET"]}}],"collection":[{"href":"https:\/\/eldiariodesanpedro.com.ar\/sitio\/wp-json\/wp\/v2\/posts"}],"about":[{"href":"https:\/\/eldiariodesanpedro.com.ar\/sitio\/wp-json\/wp\/v2\/types\/post"}],"author":[{"embeddable":true,"href":"https:\/\/eldiariodesanpedro.com.ar\/sitio\/wp-json\/wp\/v2\/users\/4"}],"replies":[{"embeddable":true,"href":"https:\/\/eldiariodesanpedro.com.ar\/sitio\/wp-json\/wp\/v2\/comments?post=37268"}],"version-history":[{"count":1,"href":"https:\/\/eldiariodesanpedro.com.ar\/sitio\/wp-json\/wp\/v2\/posts\/37268\/revisions"}],"predecessor-version":[{"id":37270,"href":"https:\/\/eldiariodesanpedro.com.ar\/sitio\/wp-json\/wp\/v2\/posts\/37268\/revisions\/37270"}],"wp:featuredmedia":[{"embeddable":true,"href":"https:\/\/eldiariodesanpedro.com.ar\/sitio\/wp-json\/wp\/v2\/media\/37269"}],"wp:attachment":[{"href":"https:\/\/eldiariodesanpedro.com.ar\/sitio\/wp-json\/wp\/v2\/media?parent=37268"}],"wp:term":[{"taxonomy":"category","embeddable":true,"href":"https:\/\/eldiariodesanpedro.com.ar\/sitio\/wp-json\/wp\/v2\/categories?post=37268"},{"taxonomy":"post_tag","embeddable":true,"href":"https:\/\/eldiariodesanpedro.com.ar\/sitio\/wp-json\/wp\/v2\/tags?post=37268"}],"curies":[{"name":"wp","href":"https:\/\/api.w.org\/{rel}","templated":true}]}}