{"id":37261,"date":"2018-07-27T10:36:08","date_gmt":"2018-07-27T13:36:08","guid":{"rendered":"https:\/\/eldiariodesanpedro.com.ar\/sitio\/?p=37261"},"modified":"2018-07-27T10:36:08","modified_gmt":"2018-07-27T13:36:08","slug":"san-nicolas-organizaciones-se-manifestaron-contra-la-reforma-de-las-ffaa","status":"publish","type":"post","link":"https:\/\/eldiariodesanpedro.com.ar\/sitio\/san-nicolas-organizaciones-se-manifestaron-contra-la-reforma-de-las-ffaa\/","title":{"rendered":"SAN NICOL\u00c1S: Organizaciones se manifestaron contra la reforma de las FFAA"},"content":{"rendered":"<p><!-- VideographyWP Plugin Message: Automatic video embedding prevented by plugin options. --><br \/>\nLos manifestantes locales adhirieron hoy a un documento central: \u201cInvolucrar a las Fuerzas Armadas en la seguridad interior viola la legislaci\u00f3n vigente, lesiona gravemente el consenso social construido tras el retorno a la democracia y el debido respeto a los derechos humanos, por lo que tanto hemos bregado a lo largo de todos estos a\u00f1os. Fuerzas Armadas represivas Nunca M\u00e1s. No a la militarizaci\u00f3n de la Argentina\u201d, concluyeron.<\/p>\n<p>Esta tarde en la plaza Mitre, organizaciones sociales, gremiales, pol\u00edticas y de derechos humanos se concentraron y movilizaron por las calles c\u00e9ntricas de nuestra ciudad con motivo de rechazar y repudiar la reforma de las Fuerzas Armadas que impulsa el gobierno nacional.<\/p>\n<p>Pese al mal clima, se congreg\u00f3 un buen n\u00famero de participantes para replicar la iniciativa federal que tuvo eco en varios puntos del pa\u00eds y manifestarse bajo la consigna: \u201cFuerzas Armadas represivas Nunca M\u00e1s\u201d.<\/p>\n<p>Varios asistentes leyeron de modo colectivo un documento firmado por: Abuelas de Plaza de Mayo &#8211; Madres de Plaza de Mayo L\u00ednea Fundadora &#8211; Familiares de Desaparecidos y Detenidos por Razones Pol\u00edticas &#8211; Asamblea Permanente por los Derechos Humanos &#8211; Liga Argentina por los Derechos del Hombre &#8211; H.I.J.O.S. Capital &#8211; Movimiento Ecum\u00e9nico por los Derechos Humanos &#8211; Asociaci\u00f3n Buena Memoria &#8211; Fundaci\u00f3n Memoria Hist\u00f3rica y Social Argentina -APDH La Matanza &#8211; Comisi\u00f3n Memoria Verdad y Justicia Zona Norte &#8211; Familiares y Compa\u00f1eros de los 12 de la Santa Cruz. Tambi\u00e9n entonaron el Himno Nacional.<\/p>\n<p><strong>\u201cFalso argumento\u201d<\/strong><br \/>\n\u201cLos Organismos de Derechos Humanos repudiamos la decisi\u00f3n del presidente Mauricio Macri de reformar el sistema de Defensa Nacional, habilitando a las Fuerzas Armadas a intervenir en cuestiones de seguridad interior. El prop\u00f3sito del Poder Ejecutivo es, a no dudar, incrementar los niveles de represi\u00f3n interna con el falso argumento de \u201cproteger objetivos estrat\u00e9gicos\u201d, construir un \u201cenemigo interno\u201d, acallar las protestas sociales y contener las crecientes movilizaciones que, a lo largo y a lo ancho de nuestro pa\u00eds, enfrentan hoy las pol\u00edticas de hambre y miseria que el gobierno de Cambiemos lleva adelante. El ajuste brutal en marcha, en consonancia con las exigencias impuestas por el Fondo Monetario Internacional afecta gravemente derechos fundamentales de nuestro pueblo. El rechazo creciente que esas pol\u00edticas provocan en la sociedad tendr\u00e1 como \u00fanica respuesta la represi\u00f3n\u201d, expresaron.<\/p>\n<p>Y agregaron: \u201cDesde los Organismos de Derechos Humanos advertimos que involucrar a las Fuerzas Armadas en la seguridad interior viola la legislaci\u00f3n vigente, lesiona gravemente el consenso social construido tras el retorno a la democracia y el debido respeto a los derechos humanos, por lo que tanto hemos bregado a lo largo de todos estos a\u00f1os.<\/p>\n<p>Fuerzas Armadas represivas Nunca M\u00e1s. No a la militarizaci\u00f3n de la Argentina\u201d, concluyeron.<\/p>\n<p><strong>Pol\u00e9mica y oposici\u00f3n<\/strong><br \/>\nEl decreto de Mauricio Macri para habilitar a las Fuerzas Armadas a participar en la seguridad interna abri\u00f3 la pol\u00e9mica y gener\u00f3 el rechazo de parte de la sociedad, los dirigentes opositores y de organismos de Derechos Humanos que marcharon ayer a la tarde frente al Ministerio de Defensa de la Ciudad de Buenos Aires.<\/p>\n<p>Estela de Carlotto advirti\u00f3 que la decisi\u00f3n del Ejecutivo es \u00abun atropello a la democracia\u00bb que las Fuerzas Armadas (FFAA) comiencen a participar en asuntos de seguridad interior y asegur\u00f3 que \u00abno esperaba que el Gobierno se animara a tanto, es un atropello a la democracia, nos retrotrae a un pensamiento que no olvidamos\u00bb.<\/p>\n<p>Por estas horas, la oposici\u00f3n se organiza para intentar derogar el decreto sobre las Fuerzas Armadas. Las bancadas de diputados del Frente para la Victoria (FPV), del Frente Renovador, del Bloque Justicialista, del Movimiento Evita y de Libres del Sur dieron los primeros pasos para avanzar en la derogaci\u00f3n del decreto 683\/18, con el que el presidente Mauricio Macri habilit\u00f3 la participaci\u00f3n de los militares en la lucha contra el narcotr\u00e1fico y el terrorismo, y en otras tareas de seguridad interior.<\/p>\n<p>Fuente: Diario El Norte<\/p>\n","protected":false},"excerpt":{"rendered":"<p>Los manifestantes locales adhirieron hoy a un documento central: \u201cInvolucrar a las Fuerzas Armadas en la seguridad interior viola la legislaci\u00f3n vigente, lesiona gravemente el consenso social construido tras el retorno a la democracia y el debido respeto a los derechos humanos, por lo que tanto hemos bregado a lo largo de todos estos a\u00f1os. [&hellip;]<\/p>\n","protected":false},"author":4,"featured_media":37262,"comment_status":"open","ping_status":"closed","sticky":false,"template":"","format":"standard","meta":{"om_disable_all_campaigns":false,"_jetpack_memberships_contains_paid_content":false,"footnotes":""},"categories":[621],"tags":[],"class_list":["post-37261","post","type-post","status-publish","format-standard","has-post-thumbnail","hentry","category-regionales"],"aioseo_notices":[],"gutentor_comment":0,"jetpack_featured_media_url":"https:\/\/eldiariodesanpedro.com.ar\/sitio\/wp-content\/uploads\/2018\/07\/elnorte5b5a7bb650775_2-marcha-contra-ffaa-5col.jpg","jetpack_shortlink":"https:\/\/wp.me\/p6RhLt-9GZ","jetpack_sharing_enabled":true,"_links":{"self":[{"href":"https:\/\/eldiariodesanpedro.com.ar\/sitio\/wp-json\/wp\/v2\/posts\/37261","targetHints":{"allow":["GET"]}}],"collection":[{"href":"https:\/\/eldiariodesanpedro.com.ar\/sitio\/wp-json\/wp\/v2\/posts"}],"about":[{"href":"https:\/\/eldiariodesanpedro.com.ar\/sitio\/wp-json\/wp\/v2\/types\/post"}],"author":[{"embeddable":true,"href":"https:\/\/eldiariodesanpedro.com.ar\/sitio\/wp-json\/wp\/v2\/users\/4"}],"replies":[{"embeddable":true,"href":"https:\/\/eldiariodesanpedro.com.ar\/sitio\/wp-json\/wp\/v2\/comments?post=37261"}],"version-history":[{"count":1,"href":"https:\/\/eldiariodesanpedro.com.ar\/sitio\/wp-json\/wp\/v2\/posts\/37261\/revisions"}],"predecessor-version":[{"id":37263,"href":"https:\/\/eldiariodesanpedro.com.ar\/sitio\/wp-json\/wp\/v2\/posts\/37261\/revisions\/37263"}],"wp:featuredmedia":[{"embeddable":true,"href":"https:\/\/eldiariodesanpedro.com.ar\/sitio\/wp-json\/wp\/v2\/media\/37262"}],"wp:attachment":[{"href":"https:\/\/eldiariodesanpedro.com.ar\/sitio\/wp-json\/wp\/v2\/media?parent=37261"}],"wp:term":[{"taxonomy":"category","embeddable":true,"href":"https:\/\/eldiariodesanpedro.com.ar\/sitio\/wp-json\/wp\/v2\/categories?post=37261"},{"taxonomy":"post_tag","embeddable":true,"href":"https:\/\/eldiariodesanpedro.com.ar\/sitio\/wp-json\/wp\/v2\/tags?post=37261"}],"curies":[{"name":"wp","href":"https:\/\/api.w.org\/{rel}","templated":true}]}}