{"id":37256,"date":"2018-07-27T10:31:20","date_gmt":"2018-07-27T13:31:20","guid":{"rendered":"https:\/\/eldiariodesanpedro.com.ar\/sitio\/?p=37256"},"modified":"2018-07-27T10:31:20","modified_gmt":"2018-07-27T13:31:20","slug":"campana-quiso-asaltar-un-comercio-con-una-pistola-descargada","status":"publish","type":"post","link":"https:\/\/eldiariodesanpedro.com.ar\/sitio\/campana-quiso-asaltar-un-comercio-con-una-pistola-descargada\/","title":{"rendered":"CAMPANA: Quiso asaltar un comercio con una pistola descargada"},"content":{"rendered":"<p><!-- VideographyWP Plugin Message: Automatic video embedding prevented by plugin options. --><br \/>\nUn sujeto se present\u00f3 en un comercio de la avenida Varela al 500 de Campana, exhibiendo un arma de fuego  con la intensi\u00f3n de robar. El delincuente del 39 a\u00f1os de edad  fue aprehendido a pocas cuadras de ah\u00ed por personal del Comando de Patrulla.<\/p>\n<p>De inmediato se procede al secuestro de una pistola  marca Browning calibre 45 mm, descargada, pero apta para disparar. El aprehendido, domiciliado en la calle Maipu, qued\u00f3 a disposici\u00f3n de la justicia en la comisar\u00eda de Campana.<\/p>\n<p>Intervino la UFI y Juzgado N\u00ba 2 a cargo del Dr. Avila, bajo la caratula de \u201crobo agravado en tentativa y tenencia ilegal de arma de guerra\u201d.<\/p>\n","protected":false},"excerpt":{"rendered":"<p>Un sujeto se present\u00f3 en un comercio de la avenida Varela al 500 de Campana, exhibiendo un arma de fuego con la intensi\u00f3n de robar. El delincuente del 39 a\u00f1os de edad fue aprehendido a pocas cuadras de ah\u00ed por personal del Comando de Patrulla. De inmediato se procede al secuestro de una pistola marca [&hellip;]<\/p>\n","protected":false},"author":4,"featured_media":37258,"comment_status":"open","ping_status":"closed","sticky":false,"template":"","format":"standard","meta":{"om_disable_all_campaigns":false,"_jetpack_memberships_contains_paid_content":false,"footnotes":""},"categories":[621],"tags":[],"class_list":["post-37256","post","type-post","status-publish","format-standard","has-post-thumbnail","hentry","category-regionales"],"aioseo_notices":[],"gutentor_comment":0,"jetpack_featured_media_url":"https:\/\/eldiariodesanpedro.com.ar\/sitio\/wp-content\/uploads\/2018\/07\/IMG-20180726-WA0027-copia_658x400.jpg","jetpack_shortlink":"https:\/\/wp.me\/p6RhLt-9GU","jetpack_sharing_enabled":true,"_links":{"self":[{"href":"https:\/\/eldiariodesanpedro.com.ar\/sitio\/wp-json\/wp\/v2\/posts\/37256","targetHints":{"allow":["GET"]}}],"collection":[{"href":"https:\/\/eldiariodesanpedro.com.ar\/sitio\/wp-json\/wp\/v2\/posts"}],"about":[{"href":"https:\/\/eldiariodesanpedro.com.ar\/sitio\/wp-json\/wp\/v2\/types\/post"}],"author":[{"embeddable":true,"href":"https:\/\/eldiariodesanpedro.com.ar\/sitio\/wp-json\/wp\/v2\/users\/4"}],"replies":[{"embeddable":true,"href":"https:\/\/eldiariodesanpedro.com.ar\/sitio\/wp-json\/wp\/v2\/comments?post=37256"}],"version-history":[{"count":1,"href":"https:\/\/eldiariodesanpedro.com.ar\/sitio\/wp-json\/wp\/v2\/posts\/37256\/revisions"}],"predecessor-version":[{"id":37259,"href":"https:\/\/eldiariodesanpedro.com.ar\/sitio\/wp-json\/wp\/v2\/posts\/37256\/revisions\/37259"}],"wp:featuredmedia":[{"embeddable":true,"href":"https:\/\/eldiariodesanpedro.com.ar\/sitio\/wp-json\/wp\/v2\/media\/37258"}],"wp:attachment":[{"href":"https:\/\/eldiariodesanpedro.com.ar\/sitio\/wp-json\/wp\/v2\/media?parent=37256"}],"wp:term":[{"taxonomy":"category","embeddable":true,"href":"https:\/\/eldiariodesanpedro.com.ar\/sitio\/wp-json\/wp\/v2\/categories?post=37256"},{"taxonomy":"post_tag","embeddable":true,"href":"https:\/\/eldiariodesanpedro.com.ar\/sitio\/wp-json\/wp\/v2\/tags?post=37256"}],"curies":[{"name":"wp","href":"https:\/\/api.w.org\/{rel}","templated":true}]}}