{"id":37252,"date":"2018-07-27T10:26:40","date_gmt":"2018-07-27T13:26:40","guid":{"rendered":"https:\/\/eldiariodesanpedro.com.ar\/sitio\/?p=37252"},"modified":"2018-07-27T10:26:40","modified_gmt":"2018-07-27T13:26:40","slug":"campana-joven-fue-atropellado-por-un-auto-al-cruzar-la-ruta-huyo-del-hospital","status":"publish","type":"post","link":"https:\/\/eldiariodesanpedro.com.ar\/sitio\/campana-joven-fue-atropellado-por-un-auto-al-cruzar-la-ruta-huyo-del-hospital\/","title":{"rendered":"CAMPANA: Joven fue atropellado por un auto al cruzar la ruta: huy\u00f3 del Hospital"},"content":{"rendered":"<p><!-- VideographyWP Plugin Message: Automatic video embedding prevented by plugin options. --><br \/>\nTiene 17 a\u00f1os y fue impactado por un auto en Autov\u00eda 6. Vecinos aseguran que habr\u00eda intentado arrojarse adrede frente al veh\u00edculo, pero el conductor logr\u00f3 esquivarlo y s\u00f3lo lo golpe\u00f3 con uno de los espejos. Bomberos traslad\u00f3 al herido al Hospital, pero \u00e9ste se fug\u00f3 corriendo del lugar.<\/p>\n<p>Un llamativo hecho ocurri\u00f3 ayer, cerca de las 20 hs., en Autov\u00eda 6 a la altura de Bv. Dellepiane.<\/p>\n<p>All\u00ed, un Volkswagen Voyage conducido por Juan Pablo Cassal circulaba por la ruta sentido a Panamericana, cuando impact\u00f3 con un peat\u00f3n que cruz\u00f3 intempestivamente.<\/p>\n<p>Algunos testigos se\u00f1alan que el joven de 17 a\u00f1os que result\u00f3 herido, habr\u00eda intentado tirarse frente al auto cuando \u00e9ste pasaba por el lugar. Sin embargo, el conductor logr\u00f3 maniobrar y s\u00f3lo lo golpe\u00f3 con uno de los espejos.<\/p>\n<p>El peat\u00f3n tiene domicilio en el barrio San Felipe. Con lesiones varias, tuvo que ser trasladado al Hospital Municipal por el m\u00f3vil 43 de bomberos, a cargo del Principal Vald\u00e9z.<\/p>\n<p>Sin embargo, al llegar al nosocomio p\u00fablico el herido huy\u00f3 del lugar, corriendo y luego de recibir las primeras atenciones, seg\u00fan comentaron fuentes del caso. Mientras tanto, en el lugar del accidente estuvo presente el m\u00f3vil zona 3 del CP a cargo del Capit\u00e1n Rodr\u00edguez.<\/p>\n","protected":false},"excerpt":{"rendered":"<p>Tiene 17 a\u00f1os y fue impactado por un auto en Autov\u00eda 6. Vecinos aseguran que habr\u00eda intentado arrojarse adrede frente al veh\u00edculo, pero el conductor logr\u00f3 esquivarlo y s\u00f3lo lo golpe\u00f3 con uno de los espejos. Bomberos traslad\u00f3 al herido al Hospital, pero \u00e9ste se fug\u00f3 corriendo del lugar. Un llamativo hecho ocurri\u00f3 ayer, cerca [&hellip;]<\/p>\n","protected":false},"author":4,"featured_media":37253,"comment_status":"open","ping_status":"closed","sticky":false,"template":"","format":"standard","meta":{"om_disable_all_campaigns":false,"_jetpack_memberships_contains_paid_content":false,"footnotes":""},"categories":[621],"tags":[],"class_list":["post-37252","post","type-post","status-publish","format-standard","has-post-thumbnail","hentry","category-regionales"],"aioseo_notices":[],"gutentor_comment":0,"jetpack_featured_media_url":"https:\/\/eldiariodesanpedro.com.ar\/sitio\/wp-content\/uploads\/2018\/07\/20180727095307.jpg","jetpack_shortlink":"https:\/\/wp.me\/p6RhLt-9GQ","jetpack_sharing_enabled":true,"_links":{"self":[{"href":"https:\/\/eldiariodesanpedro.com.ar\/sitio\/wp-json\/wp\/v2\/posts\/37252","targetHints":{"allow":["GET"]}}],"collection":[{"href":"https:\/\/eldiariodesanpedro.com.ar\/sitio\/wp-json\/wp\/v2\/posts"}],"about":[{"href":"https:\/\/eldiariodesanpedro.com.ar\/sitio\/wp-json\/wp\/v2\/types\/post"}],"author":[{"embeddable":true,"href":"https:\/\/eldiariodesanpedro.com.ar\/sitio\/wp-json\/wp\/v2\/users\/4"}],"replies":[{"embeddable":true,"href":"https:\/\/eldiariodesanpedro.com.ar\/sitio\/wp-json\/wp\/v2\/comments?post=37252"}],"version-history":[{"count":1,"href":"https:\/\/eldiariodesanpedro.com.ar\/sitio\/wp-json\/wp\/v2\/posts\/37252\/revisions"}],"predecessor-version":[{"id":37255,"href":"https:\/\/eldiariodesanpedro.com.ar\/sitio\/wp-json\/wp\/v2\/posts\/37252\/revisions\/37255"}],"wp:featuredmedia":[{"embeddable":true,"href":"https:\/\/eldiariodesanpedro.com.ar\/sitio\/wp-json\/wp\/v2\/media\/37253"}],"wp:attachment":[{"href":"https:\/\/eldiariodesanpedro.com.ar\/sitio\/wp-json\/wp\/v2\/media?parent=37252"}],"wp:term":[{"taxonomy":"category","embeddable":true,"href":"https:\/\/eldiariodesanpedro.com.ar\/sitio\/wp-json\/wp\/v2\/categories?post=37252"},{"taxonomy":"post_tag","embeddable":true,"href":"https:\/\/eldiariodesanpedro.com.ar\/sitio\/wp-json\/wp\/v2\/tags?post=37252"}],"curies":[{"name":"wp","href":"https:\/\/api.w.org\/{rel}","templated":true}]}}